{"id":6922,"date":"2017-07-31T15:36:24","date_gmt":"2017-07-31T15:36:24","guid":{"rendered":"http:\/\/prensa.lacnic.net\/news\/2017julpt\/nicolas-antoniello-quinze-anos-e-praticamente-a-metade-da-vida-da-internet"},"modified":"2017-11-30T16:53:30","modified_gmt":"2017-11-30T16:53:30","slug":"nicolas-antoniello-quinze-anos-e-praticamente-a-metade-da-vida-da-internet","status":"publish","type":"post","link":"https:\/\/blog.lacnic.net\/pt-br\/nicolas-antoniello-quinze-anos-e-praticamente-a-metade-da-vida-da-internet\/","title":{"rendered":"Nicolas Antoniello &#8220;Quinze anos \u00e9 praticamente a metade da vida da Internet&#8221;"},"content":{"rendered":"<p>&nbsp;<\/p>\n<p><img decoding=\"async\" class=\"alignnone size-full wp-image-6892\" src=\"http:\/\/prensa.lacnic.net\/news\/wp-content\/uploads\/2017\/07\/antoniello.png\" alt=\"\" height=\"220\" width=\"680\" srcset=\"https:\/\/blog.lacnic.net\/wp-content\/uploads\/2017\/07\/antoniello.png 680w, https:\/\/blog.lacnic.net\/wp-content\/uploads\/2017\/07\/antoniello-300x97.png 300w\" sizes=\"(max-width: 680px) 100vw, 680px\" \/><\/p>\n<p>Nicolas Antoniello se formou como Engenheiro no Uruguai quase no mesmo momento que LACNIC nascia \u00e0 vida institucional. E a partir de aquele momento ele sentiu curiosidade pela atividade do Registro Regional da Internet da Am\u00e9rica Latina e o Caribe.<\/p>\n<p>Pouco depois, somou a sua voz aos f\u00f3runs de LACNIC e come\u00e7ou a propor pol\u00edticas regionais e globais, trabalhando em quest\u00f5es de governan\u00e7a da Internet.<\/p>\n<p>Desde sua experi\u00eancia como moderador do f\u00f3rum de Pol\u00edticas P\u00fablicas de LACNIC, onde teve contato permanente com a comunidade, Antoniello salientou o papel do ecossistema regional da Internet nestes 15 anos de LACNIC.<strong>&nbsp;<\/strong><\/p>\n<p><strong>H\u00e1 15 anos, qual era a sua rela\u00e7\u00e3o com o mundo das TIC?<\/strong><\/p>\n<p>Quinze anos \u00e9 praticamente a metade da &#8220;vida&#8221; da Internet. No que a mim respeita, h\u00e1 15 anos eu estava obtendo meu t\u00edtulo de engenheiro e queria, n\u00e3o apenas aplicar todo esse conhecimento, mas tamb\u00e9m me desenvolver em outras quest\u00f5es como a governan\u00e7a na Internet, desenvolvimento de redes de dados e protocolos, etc. Eu come\u00e7ava a trabalhar como engenheiro no Centro de Opera\u00e7\u00f5es de ANTEL, o ISP estadual do Uruguai, onde de fato entrei totalmente no mundo da Internet e das redes. Eu me lembro que naquela \u00e9poca os servi\u00e7os eram praticamente todos discados (MODEM e velocidades de 44100 bauds, uma medida de velocidade de dados que h\u00e1 alguns anos entrou em desuso); e apenas come\u00e7\u00e1vamos a implementar os primeiros servi\u00e7os DSL no Uruguai com todos os problemas e desafios que uma &#8220;nova tecnologia&#8221; trazia com ela. Naquele tempo eu j\u00e1 participava de alguns f\u00f3runs de discuss\u00e3o regionais e de outros internacionais em quest\u00f5es de redes e Internet, alguns deles criados no \u00e2mbito de LACNIC.<\/p>\n<p><strong>Quando come\u00e7ou a sua rela\u00e7\u00e3o com LACNIC e como?<\/strong><\/p>\n<p>Minha rela\u00e7\u00e3o com LACNIC come\u00e7ou desde sua funda\u00e7\u00e3o em 2002 em Montevid\u00e9u, embora essa rela\u00e7\u00e3o fosse mais uma curiosidade minha por saber de que tratava um Registro Regional, que trabalhos realizava e que era o que propunham fazer desde e para a regi\u00e3o. E olha como evoluiu essa vis\u00e3o, as minhas expectativas e a organiza\u00e7\u00e3o (seus objetivos, suas conquistas e sua comunidade) nos 15 anos que vieram depois.<\/p>\n<p><strong>Que pap\u00e9is voc\u00ea exerceu na comunidade de LACNIC? Satisfez as suas expectativas? Que aspectos voc\u00ea destacaria?<\/strong><\/p>\n<p>Desde a sua cria\u00e7\u00e3o, comecei a participar ativamente primeiro nos f\u00f3runs de discuss\u00e3o, e depois colaborando com o processo de desenvolvimento de pol\u00edticas e propondo algumas outras. De 2009 a 2015 eu tive a oportunidade de servir \u00e0 comunidade como moderador e co-moderador do F\u00f3rum P\u00fablico de Pol\u00edticas. Participei da maioria dos eventos regionais realizados (hoje duas vezes por ano) de uma maneira ativa em todas as inst\u00e2ncias dos mesmos e em particular, como instrutor de alguns tutoriais t\u00e9cnicos. Tamb\u00e9m pude colaborar fornecendo suporte, na medida das minhas possibilidades, para alguns autores de pol\u00edticas em suas primeiras propostas. Sou co-fundador do Grupo de Operadores de Redes da regi\u00e3o, que foi promovido por LACNIC, ISOC e a pr\u00f3pria comunidade, e desde ent\u00e3o eu tenho andado esta viagem longa e desafiante conjuntamente com LACNIC. Hoje continuo participando de todas as inst\u00e2ncias dos f\u00f3runs de pol\u00edticas e como instrutor nos tutoriais, e neste per\u00edodo tamb\u00e9m desempenho o papel de membro da comunidade no comit\u00ea de revis\u00e3o da &#8220;nova IANA&#8221; ou o PTI como \u00e9 nomeada a partir da transi\u00e7\u00e3o.<\/p>\n<p>No que diz respeito \u00e0s expectativas, n\u00e3o s\u00f3 foram preenchidas, mas pessoalmente acredito que foram ultrapassadas. Ser moderador do F\u00f3rum de Pol\u00edticas, por exemplo, deixa uma experi\u00eancia incalcul\u00e1vel desde muitos pontos de vista, porque \u00e9 uma tarefa que \u00e9 feita em estreita rela\u00e7\u00e3o com a comunidade, \u00e9 da comunidade e para a comunidade. No caso da nossa regi\u00e3o, eu sempre digo que visualizo a comunidade como uma grande fam\u00edlia, em que na hora de debater as diferentes quest\u00f5es, sempre foi feito com seriedade e objetividade, onde todos aprendemos dos nossos sucessos e tamb\u00e9m dos nossos erros, e onde todos e cada um de n\u00f3s contribu\u00edmos desde nosso lugar e possibilidades. Eu vi como todos n\u00f3s deixamos um pouco de lado a perten\u00e7a a um pa\u00eds, empresa ou organiza\u00e7\u00e3o e procuramos em conjunto, a melhor solu\u00e7\u00e3o para os problemas que surgem com um objetivo comum como \u00e9 o desenvolvimento da Internet e o acesso de todos \u00e0 mesma em toda a nossa regi\u00e3o.<\/p>\n<p><strong>Que papel acredita que a comunidade de LACNIC teve na administra\u00e7\u00e3o dos recursos de numera\u00e7\u00e3o nesses 15 anos?<\/strong><\/p>\n<p>Para mim, LACNIC e a sua comunidade s\u00e3o o principal motor que impulsiona o desenvolvimento e sustentabilidade da Internet e seus recursos a n\u00edvel regional. \u00c9 a partir desta comunidade que s\u00e3o pensadas, debatidas e implementadas as pol\u00edticas que regem a designa\u00e7\u00e3o dos principais recursos da Internet regionais (como s\u00e3o, por exemplo, os endere\u00e7os IPv4 e IPv6 e os n\u00fameros de Sistemas Aut\u00f4nomos). E n\u00e3o \u00e9 limitado apenas a isso; existem in\u00fameros projetos, inst\u00e2ncias de forma\u00e7\u00e3o, f\u00f3runs de discuss\u00e3o, participa\u00e7\u00e3o ativa a n\u00edvel internacional e muitas outras coisas que fazem com que a nossa comunidade seja muito ativa e reconhecida a n\u00edvel mundial no que refere \u00e0 Internet. E esse reconhecimento \u00e9 uma conquista da pr\u00f3pria comunidade e de LACNIC como organiza\u00e7\u00e3o que aglutina. \u00c9 este ecossistema, estes processos de desenvolvimento que s\u00e3o, como dizemos comumente, &#8220;de baixo para cima&#8221;, de modo que \u00e9 a comunidade quem tem o papel mais importante e o impulso necess\u00e1rio para fazer que as coisas aconte\u00e7am. E essa comunidade somos todos n\u00f3s.<\/p>\n<p><strong>Que aspectos identificam \u00e0 comunidade de LACNIC?<\/strong><\/p>\n<p>Al\u00e9m do mencionado acima, eu acrescentaria que \u00e9 uma comunidade que nestes 15 anos aprendeu a trabalhar em conjunto e sinergicamente. Aprendemos que \u00e9 normal e at\u00e9 sadio cometer erros e retificar para melhorar. Aprendemos que com o esfor\u00e7o conjunto podemos atingir tudo o proposto nos anos que j\u00e1 se passaram e o que est\u00e1 por vir. Acredito que \u00e9 uma comunidade que tem amadurecido muito nesses anos junto a LACNIC e na qual \u00e9 um prazer trabalhar e se sentir identificado e comprometido com ela.<\/p>\n<p><strong>Como imagina voc\u00ea a governan\u00e7a da Internet em 15 anos?<\/strong><\/p>\n<p>Se alguma coisa eu aprendi nos anos de vida da Internet, \u00e9 que qualquer expectativa ficou muito, mas muito pequena, ao lado da realidade. Posso (ou quero) imaginar a nossa regi\u00e3o conectada \u00e0 Internet e a todas as pessoas com acesso \u00e0 mesma. Isso, somado aos bilh\u00f5es de dispositivos que se espera fa\u00e7am parte da Internet nos pr\u00f3ximos 10 anos, ir\u00e3o trazer consigo um monte de desafios, problemas a serem resolvidos e pol\u00edticas a serem desenvolvidas e gerenciadas. A Internet como a sua governan\u00e7a evoluem continuamente porque as necessidades mudam e as possibilidades aumentam exponencialmente. O papel da comunidade nessa evolu\u00e7\u00e3o \u00e9 indiscut\u00edvel. Eu acho que em alguns aspectos devemos considerar modelos de governan\u00e7a ainda mais coordenados a n\u00edvel mundial, por aquilo de que a Internet n\u00e3o respeita fronteiras geogr\u00e1ficas, mas que a rede \u00e9 apenas uma e, portanto, para a Internet o mundo \u00e9 um s\u00f3. Eu sempre disse que um n\u00e3o se conecta \u00e0 Internet, mas que um (ou um dispositivo), uma vez conectado, faz parte da Internet, e esse, embora possa parecer a priori uma obviedade, \u00e9 um dos conceitos mais determinantes de seu futuro: a ideia de quer todos n\u00f3s somos a Internet.<\/p>\n","protected":false},"excerpt":{"rendered":"<p>&nbsp; Nicolas Antoniello se formou como Engenheiro no Uruguai quase no mesmo momento que LACNIC nascia \u00e0 vida institucional. E a partir de aquele momento ele sentiu curiosidade pela atividade do Registro Regional da Internet da Am\u00e9rica Latina e o Caribe. Pouco depois, somou a sua voz aos f\u00f3runs de LACNIC e come\u00e7ou a propor [&hellip;]<\/p>\n","protected":false},"author":6,"featured_media":0,"comment_status":"open","ping_status":"open","sticky":false,"template":"","format":"standard","meta":{"_acf_changed":false,"_jetpack_memberships_contains_paid_content":false,"footnotes":"","jetpack_publicize_message":"","jetpack_publicize_feature_enabled":true,"jetpack_social_post_already_shared":false,"jetpack_social_options":{"image_generator_settings":{"template":"highway","default_image_id":0,"font":"","enabled":false},"version":2}},"categories":[651],"tags":[402],"archivo":[815,1346],"taxonomy-authors":[],"tipo_autor":[],"class_list":["post-6922","post","type-post","status-publish","format-standard","hentry","category-sin-categoria-pt-br","tag-15-aniversario-pt","archivo-edicao-julho-2017","archivo-edicoes-anteriores"],"acf":{"author":"","related_notes":null},"yoast_head":"<!-- This site is optimized with the Yoast SEO plugin v27.0 - https:\/\/yoast.com\/product\/yoast-seo-wordpress\/ -->\n<title>LACNIC Blog | Nicolas Antoniello &quot;Quinze anos \u00e9 praticamente a metade da vida da Internet&quot;<\/title>\n<meta name=\"robots\" content=\"index, follow, max-snippet:-1, max-image-preview:large, max-video-preview:-1\" \/>\n<link rel=\"canonical\" href=\"https:\/\/blog.lacnic.net\/pt-br\/nicolas-antoniello-quinze-anos-e-praticamente-a-metade-da-vida-da-internet\/\" \/>\n<meta property=\"og:locale\" content=\"pt_BR\" \/>\n<meta property=\"og:type\" content=\"article\" \/>\n<meta property=\"og:title\" content=\"LACNIC Blog | Nicolas Antoniello &quot;Quinze anos \u00e9 praticamente a metade da vida da Internet&quot;\" \/>\n<meta property=\"og:description\" content=\"&nbsp; Nicolas Antoniello se formou como Engenheiro no Uruguai quase no mesmo momento que LACNIC nascia \u00e0 vida institucional. E a partir de aquele momento ele sentiu curiosidade pela atividade do Registro Regional da Internet da Am\u00e9rica Latina e o Caribe. Pouco depois, somou a sua voz aos f\u00f3runs de LACNIC e come\u00e7ou a propor [&hellip;]\" \/>\n<meta property=\"og:url\" content=\"https:\/\/blog.lacnic.net\/pt-br\/nicolas-antoniello-quinze-anos-e-praticamente-a-metade-da-vida-da-internet\/\" \/>\n<meta property=\"og:site_name\" content=\"LACNIC Blog\" \/>\n<meta property=\"article:publisher\" content=\"https:\/\/facebook.com\/lacnic\" \/>\n<meta property=\"article:published_time\" content=\"2017-07-31T15:36:24+00:00\" \/>\n<meta property=\"article:modified_time\" content=\"2017-11-30T16:53:30+00:00\" \/>\n<meta property=\"og:image\" content=\"http:\/\/prensa.lacnic.net\/news\/wp-content\/uploads\/2017\/07\/antoniello.png\" \/>\n<meta name=\"author\" content=\"Gianni\" \/>\n<meta name=\"twitter:card\" content=\"summary_large_image\" \/>\n<meta name=\"twitter:creator\" content=\"@lacnic\" \/>\n<meta name=\"twitter:site\" content=\"@lacnic\" \/>\n<script type=\"application\/ld+json\" class=\"yoast-schema-graph\">{\"@context\":\"https:\/\/schema.org\",\"@graph\":[{\"@type\":\"Article\",\"@id\":\"https:\/\/blog.lacnic.net\/pt-br\/nicolas-antoniello-quinze-anos-e-praticamente-a-metade-da-vida-da-internet\/#article\",\"isPartOf\":{\"@id\":\"https:\/\/blog.lacnic.net\/pt-br\/nicolas-antoniello-quinze-anos-e-praticamente-a-metade-da-vida-da-internet\/\"},\"author\":{\"name\":\"Gianni\",\"@id\":\"https:\/\/blog.lacnic.net\/#\/schema\/person\/1338d9cfdb0137e8bc5581f3771f39ab\"},\"headline\":\"Nicolas Antoniello &#8220;Quinze anos \u00e9 praticamente a metade da vida da Internet&#8221;\",\"datePublished\":\"2017-07-31T15:36:24+00:00\",\"dateModified\":\"2017-11-30T16:53:30+00:00\",\"mainEntityOfPage\":{\"@id\":\"https:\/\/blog.lacnic.net\/pt-br\/nicolas-antoniello-quinze-anos-e-praticamente-a-metade-da-vida-da-internet\/\"},\"wordCount\":1284,\"commentCount\":0,\"publisher\":{\"@id\":\"https:\/\/blog.lacnic.net\/#organization\"},\"image\":{\"@id\":\"https:\/\/blog.lacnic.net\/pt-br\/nicolas-antoniello-quinze-anos-e-praticamente-a-metade-da-vida-da-internet\/#primaryimage\"},\"thumbnailUrl\":\"http:\/\/prensa.lacnic.net\/news\/wp-content\/uploads\/2017\/07\/antoniello.png\",\"keywords\":[\"15\u00ba anivers\u00e1rio\"],\"articleSection\":[\"sin categoria\"],\"inLanguage\":\"pt-BR\",\"potentialAction\":[{\"@type\":\"CommentAction\",\"name\":\"Comment\",\"target\":[\"https:\/\/blog.lacnic.net\/pt-br\/nicolas-antoniello-quinze-anos-e-praticamente-a-metade-da-vida-da-internet\/#respond\"]}]},{\"@type\":\"WebPage\",\"@id\":\"https:\/\/blog.lacnic.net\/pt-br\/nicolas-antoniello-quinze-anos-e-praticamente-a-metade-da-vida-da-internet\/\",\"url\":\"https:\/\/blog.lacnic.net\/pt-br\/nicolas-antoniello-quinze-anos-e-praticamente-a-metade-da-vida-da-internet\/\",\"name\":\"LACNIC Blog | Nicolas Antoniello \\\"Quinze anos \u00e9 praticamente a metade da vida da Internet\\\"\",\"isPartOf\":{\"@id\":\"https:\/\/blog.lacnic.net\/#website\"},\"primaryImageOfPage\":{\"@id\":\"https:\/\/blog.lacnic.net\/pt-br\/nicolas-antoniello-quinze-anos-e-praticamente-a-metade-da-vida-da-internet\/#primaryimage\"},\"image\":{\"@id\":\"https:\/\/blog.lacnic.net\/pt-br\/nicolas-antoniello-quinze-anos-e-praticamente-a-metade-da-vida-da-internet\/#primaryimage\"},\"thumbnailUrl\":\"http:\/\/prensa.lacnic.net\/news\/wp-content\/uploads\/2017\/07\/antoniello.png\",\"datePublished\":\"2017-07-31T15:36:24+00:00\",\"dateModified\":\"2017-11-30T16:53:30+00:00\",\"breadcrumb\":{\"@id\":\"https:\/\/blog.lacnic.net\/pt-br\/nicolas-antoniello-quinze-anos-e-praticamente-a-metade-da-vida-da-internet\/#breadcrumb\"},\"inLanguage\":\"pt-BR\",\"potentialAction\":[{\"@type\":\"ReadAction\",\"target\":[\"https:\/\/blog.lacnic.net\/pt-br\/nicolas-antoniello-quinze-anos-e-praticamente-a-metade-da-vida-da-internet\/\"]}]},{\"@type\":\"ImageObject\",\"inLanguage\":\"pt-BR\",\"@id\":\"https:\/\/blog.lacnic.net\/pt-br\/nicolas-antoniello-quinze-anos-e-praticamente-a-metade-da-vida-da-internet\/#primaryimage\",\"url\":\"http:\/\/prensa.lacnic.net\/news\/wp-content\/uploads\/2017\/07\/antoniello.png\",\"contentUrl\":\"http:\/\/prensa.lacnic.net\/news\/wp-content\/uploads\/2017\/07\/antoniello.png\"},{\"@type\":\"BreadcrumbList\",\"@id\":\"https:\/\/blog.lacnic.net\/pt-br\/nicolas-antoniello-quinze-anos-e-praticamente-a-metade-da-vida-da-internet\/#breadcrumb\",\"itemListElement\":[{\"@type\":\"ListItem\",\"position\":1,\"name\":\"Portada\",\"item\":\"https:\/\/blog.lacnic.net\/pt-br\/\"},{\"@type\":\"ListItem\",\"position\":2,\"name\":\"Nicolas Antoniello &#8220;Quinze anos \u00e9 praticamente a metade da vida da Internet&#8221;\"}]},{\"@type\":\"WebSite\",\"@id\":\"https:\/\/blog.lacnic.net\/#website\",\"url\":\"https:\/\/blog.lacnic.net\/\",\"name\":\"LACNIC Blog\",\"description\":\"LACNIC Internet Community Newsletter\",\"publisher\":{\"@id\":\"https:\/\/blog.lacnic.net\/#organization\"},\"potentialAction\":[{\"@type\":\"SearchAction\",\"target\":{\"@type\":\"EntryPoint\",\"urlTemplate\":\"https:\/\/blog.lacnic.net\/?s={search_term_string}\"},\"query-input\":{\"@type\":\"PropertyValueSpecification\",\"valueRequired\":true,\"valueName\":\"search_term_string\"}}],\"inLanguage\":\"pt-BR\"},{\"@type\":\"Organization\",\"@id\":\"https:\/\/blog.lacnic.net\/#organization\",\"name\":\"LACNIC Blog\",\"url\":\"https:\/\/blog.lacnic.net\/\",\"logo\":{\"@type\":\"ImageObject\",\"inLanguage\":\"pt-BR\",\"@id\":\"https:\/\/blog.lacnic.net\/#\/schema\/logo\/image\/\",\"url\":\"https:\/\/blog.lacnic.net\/wp-content\/uploads\/2023\/03\/lacnic-blog.svg\",\"contentUrl\":\"https:\/\/blog.lacnic.net\/wp-content\/uploads\/2023\/03\/lacnic-blog.svg\",\"caption\":\"LACNIC Blog\"},\"image\":{\"@id\":\"https:\/\/blog.lacnic.net\/#\/schema\/logo\/image\/\"},\"sameAs\":[\"https:\/\/facebook.com\/lacnic\",\"https:\/\/x.com\/lacnic\",\"https:\/\/www.instagram.com\/lacnic\/?hl=es-la\",\"https:\/\/uy.linkedin.com\/company\/lacnic\",\"https:\/\/www.youtube.com\/user\/lacnicstaff\",\"https:\/\/www.lacnic.net\/podcast\"]},{\"@type\":\"Person\",\"@id\":\"https:\/\/blog.lacnic.net\/#\/schema\/person\/1338d9cfdb0137e8bc5581f3771f39ab\",\"name\":\"Gianni\",\"url\":\"https:\/\/blog.lacnic.net\/pt-br\/author\/gianni\/\"}]}<\/script>\n<!-- \/ Yoast SEO plugin. -->","yoast_head_json":{"title":"LACNIC Blog | Nicolas Antoniello \"Quinze anos \u00e9 praticamente a metade da vida da Internet\"","robots":{"index":"index","follow":"follow","max-snippet":"max-snippet:-1","max-image-preview":"max-image-preview:large","max-video-preview":"max-video-preview:-1"},"canonical":"https:\/\/blog.lacnic.net\/pt-br\/nicolas-antoniello-quinze-anos-e-praticamente-a-metade-da-vida-da-internet\/","og_locale":"pt_BR","og_type":"article","og_title":"LACNIC Blog | Nicolas Antoniello \"Quinze anos \u00e9 praticamente a metade da vida da Internet\"","og_description":"&nbsp; Nicolas Antoniello se formou como Engenheiro no Uruguai quase no mesmo momento que LACNIC nascia \u00e0 vida institucional. E a partir de aquele momento ele sentiu curiosidade pela atividade do Registro Regional da Internet da Am\u00e9rica Latina e o Caribe. Pouco depois, somou a sua voz aos f\u00f3runs de LACNIC e come\u00e7ou a propor [&hellip;]","og_url":"https:\/\/blog.lacnic.net\/pt-br\/nicolas-antoniello-quinze-anos-e-praticamente-a-metade-da-vida-da-internet\/","og_site_name":"LACNIC Blog","article_publisher":"https:\/\/facebook.com\/lacnic","article_published_time":"2017-07-31T15:36:24+00:00","article_modified_time":"2017-11-30T16:53:30+00:00","og_image":[{"url":"http:\/\/prensa.lacnic.net\/news\/wp-content\/uploads\/2017\/07\/antoniello.png","type":"","width":"","height":""}],"author":"Gianni","twitter_card":"summary_large_image","twitter_creator":"@lacnic","twitter_site":"@lacnic","schema":{"@context":"https:\/\/schema.org","@graph":[{"@type":"Article","@id":"https:\/\/blog.lacnic.net\/pt-br\/nicolas-antoniello-quinze-anos-e-praticamente-a-metade-da-vida-da-internet\/#article","isPartOf":{"@id":"https:\/\/blog.lacnic.net\/pt-br\/nicolas-antoniello-quinze-anos-e-praticamente-a-metade-da-vida-da-internet\/"},"author":{"name":"Gianni","@id":"https:\/\/blog.lacnic.net\/#\/schema\/person\/1338d9cfdb0137e8bc5581f3771f39ab"},"headline":"Nicolas Antoniello &#8220;Quinze anos \u00e9 praticamente a metade da vida da Internet&#8221;","datePublished":"2017-07-31T15:36:24+00:00","dateModified":"2017-11-30T16:53:30+00:00","mainEntityOfPage":{"@id":"https:\/\/blog.lacnic.net\/pt-br\/nicolas-antoniello-quinze-anos-e-praticamente-a-metade-da-vida-da-internet\/"},"wordCount":1284,"commentCount":0,"publisher":{"@id":"https:\/\/blog.lacnic.net\/#organization"},"image":{"@id":"https:\/\/blog.lacnic.net\/pt-br\/nicolas-antoniello-quinze-anos-e-praticamente-a-metade-da-vida-da-internet\/#primaryimage"},"thumbnailUrl":"http:\/\/prensa.lacnic.net\/news\/wp-content\/uploads\/2017\/07\/antoniello.png","keywords":["15\u00ba anivers\u00e1rio"],"articleSection":["sin categoria"],"inLanguage":"pt-BR","potentialAction":[{"@type":"CommentAction","name":"Comment","target":["https:\/\/blog.lacnic.net\/pt-br\/nicolas-antoniello-quinze-anos-e-praticamente-a-metade-da-vida-da-internet\/#respond"]}]},{"@type":"WebPage","@id":"https:\/\/blog.lacnic.net\/pt-br\/nicolas-antoniello-quinze-anos-e-praticamente-a-metade-da-vida-da-internet\/","url":"https:\/\/blog.lacnic.net\/pt-br\/nicolas-antoniello-quinze-anos-e-praticamente-a-metade-da-vida-da-internet\/","name":"LACNIC Blog | Nicolas Antoniello \"Quinze anos \u00e9 praticamente a metade da vida da Internet\"","isPartOf":{"@id":"https:\/\/blog.lacnic.net\/#website"},"primaryImageOfPage":{"@id":"https:\/\/blog.lacnic.net\/pt-br\/nicolas-antoniello-quinze-anos-e-praticamente-a-metade-da-vida-da-internet\/#primaryimage"},"image":{"@id":"https:\/\/blog.lacnic.net\/pt-br\/nicolas-antoniello-quinze-anos-e-praticamente-a-metade-da-vida-da-internet\/#primaryimage"},"thumbnailUrl":"http:\/\/prensa.lacnic.net\/news\/wp-content\/uploads\/2017\/07\/antoniello.png","datePublished":"2017-07-31T15:36:24+00:00","dateModified":"2017-11-30T16:53:30+00:00","breadcrumb":{"@id":"https:\/\/blog.lacnic.net\/pt-br\/nicolas-antoniello-quinze-anos-e-praticamente-a-metade-da-vida-da-internet\/#breadcrumb"},"inLanguage":"pt-BR","potentialAction":[{"@type":"ReadAction","target":["https:\/\/blog.lacnic.net\/pt-br\/nicolas-antoniello-quinze-anos-e-praticamente-a-metade-da-vida-da-internet\/"]}]},{"@type":"ImageObject","inLanguage":"pt-BR","@id":"https:\/\/blog.lacnic.net\/pt-br\/nicolas-antoniello-quinze-anos-e-praticamente-a-metade-da-vida-da-internet\/#primaryimage","url":"http:\/\/prensa.lacnic.net\/news\/wp-content\/uploads\/2017\/07\/antoniello.png","contentUrl":"http:\/\/prensa.lacnic.net\/news\/wp-content\/uploads\/2017\/07\/antoniello.png"},{"@type":"BreadcrumbList","@id":"https:\/\/blog.lacnic.net\/pt-br\/nicolas-antoniello-quinze-anos-e-praticamente-a-metade-da-vida-da-internet\/#breadcrumb","itemListElement":[{"@type":"ListItem","position":1,"name":"Portada","item":"https:\/\/blog.lacnic.net\/pt-br\/"},{"@type":"ListItem","position":2,"name":"Nicolas Antoniello &#8220;Quinze anos \u00e9 praticamente a metade da vida da Internet&#8221;"}]},{"@type":"WebSite","@id":"https:\/\/blog.lacnic.net\/#website","url":"https:\/\/blog.lacnic.net\/","name":"LACNIC Blog","description":"LACNIC Internet Community Newsletter","publisher":{"@id":"https:\/\/blog.lacnic.net\/#organization"},"potentialAction":[{"@type":"SearchAction","target":{"@type":"EntryPoint","urlTemplate":"https:\/\/blog.lacnic.net\/?s={search_term_string}"},"query-input":{"@type":"PropertyValueSpecification","valueRequired":true,"valueName":"search_term_string"}}],"inLanguage":"pt-BR"},{"@type":"Organization","@id":"https:\/\/blog.lacnic.net\/#organization","name":"LACNIC Blog","url":"https:\/\/blog.lacnic.net\/","logo":{"@type":"ImageObject","inLanguage":"pt-BR","@id":"https:\/\/blog.lacnic.net\/#\/schema\/logo\/image\/","url":"https:\/\/blog.lacnic.net\/wp-content\/uploads\/2023\/03\/lacnic-blog.svg","contentUrl":"https:\/\/blog.lacnic.net\/wp-content\/uploads\/2023\/03\/lacnic-blog.svg","caption":"LACNIC Blog"},"image":{"@id":"https:\/\/blog.lacnic.net\/#\/schema\/logo\/image\/"},"sameAs":["https:\/\/facebook.com\/lacnic","https:\/\/x.com\/lacnic","https:\/\/www.instagram.com\/lacnic\/?hl=es-la","https:\/\/uy.linkedin.com\/company\/lacnic","https:\/\/www.youtube.com\/user\/lacnicstaff","https:\/\/www.lacnic.net\/podcast"]},{"@type":"Person","@id":"https:\/\/blog.lacnic.net\/#\/schema\/person\/1338d9cfdb0137e8bc5581f3771f39ab","name":"Gianni","url":"https:\/\/blog.lacnic.net\/pt-br\/author\/gianni\/"}]}},"jetpack_publicize_connections":[],"jetpack_featured_media_url":"","jetpack_sharing_enabled":true,"wpml_current_locale":"pt_BR","wpml_translations":[{"locale":"es_ES","id":6916,"post_title":"Nicol\u00e1s Antoniello  \u201c15 a\u00f1os es casi la mitad de la vida de Internet\u201d","slug":"nicolas-antoniello-15-anos-es-casi-la-mitad-de-la-vida-de-internet","href":"https:\/\/blog.lacnic.net\/nicolas-antoniello-15-anos-es-casi-la-mitad-de-la-vida-de-internet\/"},{"locale":"en_US","id":6918,"post_title":"Nicol\u00e1s Antoniello \u201c15 years represents almost half of the time that the Internet has been around\u201d","slug":"nicolas-antoniello-15-years-represents-almost-half-of-the-time-that-the-internet-has-been-around","href":"https:\/\/blog.lacnic.net\/en\/nicolas-antoniello-15-years-represents-almost-half-of-the-time-that-the-internet-has-been-around\/"}],"_links":{"self":[{"href":"https:\/\/blog.lacnic.net\/pt-br\/wp-json\/wp\/v2\/posts\/6922","targetHints":{"allow":["GET"]}}],"collection":[{"href":"https:\/\/blog.lacnic.net\/pt-br\/wp-json\/wp\/v2\/posts"}],"about":[{"href":"https:\/\/blog.lacnic.net\/pt-br\/wp-json\/wp\/v2\/types\/post"}],"author":[{"embeddable":true,"href":"https:\/\/blog.lacnic.net\/pt-br\/wp-json\/wp\/v2\/users\/6"}],"replies":[{"embeddable":true,"href":"https:\/\/blog.lacnic.net\/pt-br\/wp-json\/wp\/v2\/comments?post=6922"}],"version-history":[{"count":3,"href":"https:\/\/blog.lacnic.net\/pt-br\/wp-json\/wp\/v2\/posts\/6922\/revisions"}],"predecessor-version":[{"id":8128,"href":"https:\/\/blog.lacnic.net\/pt-br\/wp-json\/wp\/v2\/posts\/6922\/revisions\/8128"}],"wp:attachment":[{"href":"https:\/\/blog.lacnic.net\/pt-br\/wp-json\/wp\/v2\/media?parent=6922"}],"wp:term":[{"taxonomy":"category","embeddable":true,"href":"https:\/\/blog.lacnic.net\/pt-br\/wp-json\/wp\/v2\/categories?post=6922"},{"taxonomy":"post_tag","embeddable":true,"href":"https:\/\/blog.lacnic.net\/pt-br\/wp-json\/wp\/v2\/tags?post=6922"},{"taxonomy":"archivo","embeddable":true,"href":"https:\/\/blog.lacnic.net\/pt-br\/wp-json\/wp\/v2\/archivo?post=6922"},{"taxonomy":"taxonomy-authors","embeddable":true,"href":"https:\/\/blog.lacnic.net\/pt-br\/wp-json\/wp\/v2\/taxonomy-authors?post=6922"},{"taxonomy":"tipo_autor","embeddable":true,"href":"https:\/\/blog.lacnic.net\/pt-br\/wp-json\/wp\/v2\/tipo_autor?post=6922"}],"curies":[{"name":"wp","href":"https:\/\/api.w.org\/{rel}","templated":true}]}}