{"id":6913,"date":"2017-07-31T15:29:43","date_gmt":"2017-07-31T15:29:43","guid":{"rendered":"http:\/\/prensa.lacnic.net\/news\/2017julpt\/max-larson-a-comunidade-de-lacnic-e-como-uma-grande-familia"},"modified":"2017-11-30T16:53:25","modified_gmt":"2017-11-30T16:53:25","slug":"max-larson-a-comunidade-de-lacnic-e-como-uma-grande-familia","status":"publish","type":"post","link":"https:\/\/blog.lacnic.net\/pt-br\/max-larson-a-comunidade-de-lacnic-e-como-uma-grande-familia\/","title":{"rendered":"Max Larson &#8220;A comunidade de LACNIC \u00e9 como uma grande fam\u00edlia&#8221;"},"content":{"rendered":"<p><strong><img decoding=\"async\" class=\"alignnone size-full wp-image-6900\" src=\"http:\/\/prensa.lacnic.net\/news\/wp-content\/uploads\/2017\/07\/max.png\" alt=\"\" width=\"680\" height=\"220\" srcset=\"https:\/\/blog.lacnic.net\/wp-content\/uploads\/2017\/07\/max.png 680w, https:\/\/blog.lacnic.net\/wp-content\/uploads\/2017\/07\/max-300x97.png 300w\" sizes=\"(max-width: 680px) 100vw, 680px\" \/>&nbsp;<\/strong><\/p>\n<p>Max Larson, um promotor ativo da Internet em seu Haiti natal e na regi\u00e3o do Caribe, e ligado a LACNIC a partir de diferentes \u00e2mbitos (ex-moderador do F\u00f3rum de Pol\u00edticas e docente da Ayitic Goes Global) considera que o sucesso desses 15 anos do RIR da Am\u00e9rica Latina e o Caribe \u00e9 devido a que sua comunidade digital \u00e9 &#8220;uma grande fam\u00edlia&#8221;.<\/p>\n<p>Desde seu convencimento de que o modelo de auto-regula\u00e7\u00e3o impulsionado por LACNIC para a administra\u00e7\u00e3o dos recursos da Internet da Am\u00e9rica Latina e o Caribe \u00e9 o ideal, LARSON acredita que a regi\u00e3o vai continuar crescendo com esse processo participativo, p\u00fablico e transparente.<\/p>\n<p>Voltou para o Haiti em 2000 depois de finalizar seus estudos na Fran\u00e7a para ajudar com a gest\u00e3o do ponto ht, o ccTLD haitiano.<strong>&nbsp;<\/strong><\/p>\n<p><strong>H\u00e1 15 anos, qual era a sua rela\u00e7\u00e3o com o mundo das TIC?<\/strong><\/p>\n<p>Como professor da Faculdade de Ci\u00eancias da Universidade Estadual do Haiti, eu supervisionei novos projetos na \u00e1rea das TIC: introdu\u00e7\u00e3o de um novo programa sobre redes e ajuda na organiza\u00e7\u00e3o do registro local de nomes de dom\u00ednio.<\/p>\n<p><strong>Quando e como come\u00e7ou a sua rela\u00e7\u00e3o com LACNIC?<\/strong><\/p>\n<p>Eu ouvi falar de LACNIC pela primeira vez quando comecei a procurar informa\u00e7\u00f5es sobre os endere\u00e7os IP. Pensei que seria \u00f3timo participar de uma reuni\u00e3o com representantes de LACNIC para conversar sobre nossos projetos. Essa oportunidade se apresentou em 2004 durante o evento LACNIC VI realizado em Montevid\u00e9u.<\/p>\n<p><strong>Que pap\u00e9is voc\u00ea exerceu na comunidade de LACNIC? Satisfizeram as suas expectativas?<\/strong><\/p>\n<p>Eu tive a honra de ser selecionado para apresentar muitas das reuni\u00f5es de LACNIC e ser co-moderador do F\u00f3rum P\u00fablico de Pol\u00edticas de 2010 a 2014.<\/p>\n<p>Em maio de 2011, durante a cria\u00e7\u00e3o de LAC-IX em Cancun (M\u00e9xico), fui nomeado como o primeiro vice-presidente dessa associa\u00e7\u00e3o.<\/p>\n<p>Nada disso teria sido poss\u00edvel sem a confian\u00e7a e o apoio dos membros da comunidade de LACNIC, a quem sou muito grato por sua ajuda.<\/p>\n<p>Eu tive a sorte de fazer parte desta grande fam\u00edlia. Qualquer que seja a minha contribui\u00e7\u00e3o, eu simplesmente estou devolvendo \u00e0 comunidade da que tanto tenho recebido.<\/p>\n<p><strong>Que papel a comunidade de LACNIC tem desempenhado na administra\u00e7\u00e3o dos recursos de numera\u00e7\u00e3o nos \u00faltimos 15 anos?<\/strong><\/p>\n<p>LACNIC desempenhou um papel fundamental na gest\u00e3o dos recursos de numera\u00e7\u00e3o de uma forma justa, aberta e transparente. Nesse sentido, o F\u00f3rum P\u00fablico de Pol\u00edticas desempenha um papel chave para garantir que o foco do desenvolvimento de pol\u00edticas envolva as m\u00faltiplas partes interessadas, seja de baixo para cima e fique aberta para todos os membros da comunidade.<\/p>\n<p><strong>Que aspectos identificam \u00e0 comunidade de LACNIC?<\/strong><\/p>\n<p>Eu sempre tenho falado da comunidade de LACNIC como uma fam\u00edlia, e realmente acho que \u00e9. A pesar das nossas defer\u00eancias, a comunidade se esfor\u00e7a para acolher todos os seus membros. Como todas as fam\u00edlias, tamb\u00e9m n\u00f3s temos problemas que deveremos abordar&#8230; Pensemos neles como oportunidades para tornar os nossos limites mais s\u00f3lidos.<\/p>\n<p>A diversidade sempre foi uma das principais fortalezas de nossa comunidade e, como em todas as fam\u00edlias, faz parte do que somos e devemos mant\u00ea-la.<\/p>\n<p><strong>Como imagina voc\u00ea a governan\u00e7a da Internet daqui a 15 anos?<\/strong><\/p>\n<p>Estaremos construindo sobre os pilares sobre os quais o sucesso da Internet est\u00e1 fundamentado (aberto, m\u00faltiplas partes interessadas), mas tamb\u00e9m continuaremos trabalhando para garantir que a governan\u00e7a da Internet resolva os problemas que afetam \u00e0s pessoas comuns e \u00e0queles que se sentem deixados de fora.<\/p>\n<p>Al\u00e9m disso, a seguran\u00e7a e as quest\u00f5es sociais no contexto das tecnologias emergentes como a Internet das Coisas apresentar\u00e3o novos desafios que tamb\u00e9m ir\u00e3o gerar novas oportunidades para nossa regi\u00e3o.<\/p>\n","protected":false},"excerpt":{"rendered":"<p>&nbsp; Max Larson, um promotor ativo da Internet em seu Haiti natal e na regi\u00e3o do Caribe, e ligado a LACNIC a partir de diferentes \u00e2mbitos (ex-moderador do F\u00f3rum de Pol\u00edticas e docente da Ayitic Goes Global) considera que o sucesso desses 15 anos do RIR da Am\u00e9rica Latina e o Caribe \u00e9 devido a [&hellip;]<\/p>\n","protected":false},"author":6,"featured_media":0,"comment_status":"open","ping_status":"open","sticky":false,"template":"","format":"standard","meta":{"_acf_changed":false,"_jetpack_memberships_contains_paid_content":false,"footnotes":"","jetpack_publicize_message":"","jetpack_publicize_feature_enabled":true,"jetpack_social_post_already_shared":false,"jetpack_social_options":{"image_generator_settings":{"template":"highway","default_image_id":0,"font":"","enabled":false},"version":2}},"categories":[651],"tags":[402],"archivo":[815,1346],"taxonomy-authors":[],"tipo_autor":[],"class_list":["post-6913","post","type-post","status-publish","format-standard","hentry","category-sin-categoria-pt-br","tag-15-aniversario-pt","archivo-edicao-julho-2017","archivo-edicoes-anteriores"],"acf":{"author":"","related_notes":null},"yoast_head":"<!-- This site is optimized with the Yoast SEO plugin v27.0 - https:\/\/yoast.com\/product\/yoast-seo-wordpress\/ -->\n<title>LACNIC Blog | Max Larson &quot;A comunidade de LACNIC \u00e9 como uma grande fam\u00edlia&quot;<\/title>\n<meta name=\"robots\" content=\"index, follow, max-snippet:-1, max-image-preview:large, max-video-preview:-1\" \/>\n<link rel=\"canonical\" href=\"https:\/\/blog.lacnic.net\/pt-br\/max-larson-a-comunidade-de-lacnic-e-como-uma-grande-familia\/\" \/>\n<meta property=\"og:locale\" content=\"pt_BR\" \/>\n<meta property=\"og:type\" content=\"article\" \/>\n<meta property=\"og:title\" content=\"LACNIC Blog | Max Larson &quot;A comunidade de LACNIC \u00e9 como uma grande fam\u00edlia&quot;\" \/>\n<meta property=\"og:description\" content=\"&nbsp; Max Larson, um promotor ativo da Internet em seu Haiti natal e na regi\u00e3o do Caribe, e ligado a LACNIC a partir de diferentes \u00e2mbitos (ex-moderador do F\u00f3rum de Pol\u00edticas e docente da Ayitic Goes Global) considera que o sucesso desses 15 anos do RIR da Am\u00e9rica Latina e o Caribe \u00e9 devido a [&hellip;]\" \/>\n<meta property=\"og:url\" content=\"https:\/\/blog.lacnic.net\/pt-br\/max-larson-a-comunidade-de-lacnic-e-como-uma-grande-familia\/\" \/>\n<meta property=\"og:site_name\" content=\"LACNIC Blog\" \/>\n<meta property=\"article:publisher\" content=\"https:\/\/facebook.com\/lacnic\" \/>\n<meta property=\"article:published_time\" content=\"2017-07-31T15:29:43+00:00\" \/>\n<meta property=\"article:modified_time\" content=\"2017-11-30T16:53:25+00:00\" \/>\n<meta property=\"og:image\" content=\"http:\/\/prensa.lacnic.net\/news\/wp-content\/uploads\/2017\/07\/max.png\" \/>\n<meta name=\"author\" content=\"Gianni\" \/>\n<meta name=\"twitter:card\" content=\"summary_large_image\" \/>\n<meta name=\"twitter:creator\" content=\"@lacnic\" \/>\n<meta name=\"twitter:site\" content=\"@lacnic\" \/>\n<script type=\"application\/ld+json\" class=\"yoast-schema-graph\">{\"@context\":\"https:\/\/schema.org\",\"@graph\":[{\"@type\":\"Article\",\"@id\":\"https:\/\/blog.lacnic.net\/pt-br\/max-larson-a-comunidade-de-lacnic-e-como-uma-grande-familia\/#article\",\"isPartOf\":{\"@id\":\"https:\/\/blog.lacnic.net\/pt-br\/max-larson-a-comunidade-de-lacnic-e-como-uma-grande-familia\/\"},\"author\":{\"name\":\"Gianni\",\"@id\":\"https:\/\/blog.lacnic.net\/#\/schema\/person\/1338d9cfdb0137e8bc5581f3771f39ab\"},\"headline\":\"Max Larson &#8220;A comunidade de LACNIC \u00e9 como uma grande fam\u00edlia&#8221;\",\"datePublished\":\"2017-07-31T15:29:43+00:00\",\"dateModified\":\"2017-11-30T16:53:25+00:00\",\"mainEntityOfPage\":{\"@id\":\"https:\/\/blog.lacnic.net\/pt-br\/max-larson-a-comunidade-de-lacnic-e-como-uma-grande-familia\/\"},\"wordCount\":654,\"commentCount\":0,\"publisher\":{\"@id\":\"https:\/\/blog.lacnic.net\/#organization\"},\"image\":{\"@id\":\"https:\/\/blog.lacnic.net\/pt-br\/max-larson-a-comunidade-de-lacnic-e-como-uma-grande-familia\/#primaryimage\"},\"thumbnailUrl\":\"http:\/\/prensa.lacnic.net\/news\/wp-content\/uploads\/2017\/07\/max.png\",\"keywords\":[\"15\u00ba anivers\u00e1rio\"],\"articleSection\":[\"sin categoria\"],\"inLanguage\":\"pt-BR\",\"potentialAction\":[{\"@type\":\"CommentAction\",\"name\":\"Comment\",\"target\":[\"https:\/\/blog.lacnic.net\/pt-br\/max-larson-a-comunidade-de-lacnic-e-como-uma-grande-familia\/#respond\"]}]},{\"@type\":\"WebPage\",\"@id\":\"https:\/\/blog.lacnic.net\/pt-br\/max-larson-a-comunidade-de-lacnic-e-como-uma-grande-familia\/\",\"url\":\"https:\/\/blog.lacnic.net\/pt-br\/max-larson-a-comunidade-de-lacnic-e-como-uma-grande-familia\/\",\"name\":\"LACNIC Blog | Max Larson \\\"A comunidade de LACNIC \u00e9 como uma grande fam\u00edlia\\\"\",\"isPartOf\":{\"@id\":\"https:\/\/blog.lacnic.net\/#website\"},\"primaryImageOfPage\":{\"@id\":\"https:\/\/blog.lacnic.net\/pt-br\/max-larson-a-comunidade-de-lacnic-e-como-uma-grande-familia\/#primaryimage\"},\"image\":{\"@id\":\"https:\/\/blog.lacnic.net\/pt-br\/max-larson-a-comunidade-de-lacnic-e-como-uma-grande-familia\/#primaryimage\"},\"thumbnailUrl\":\"http:\/\/prensa.lacnic.net\/news\/wp-content\/uploads\/2017\/07\/max.png\",\"datePublished\":\"2017-07-31T15:29:43+00:00\",\"dateModified\":\"2017-11-30T16:53:25+00:00\",\"breadcrumb\":{\"@id\":\"https:\/\/blog.lacnic.net\/pt-br\/max-larson-a-comunidade-de-lacnic-e-como-uma-grande-familia\/#breadcrumb\"},\"inLanguage\":\"pt-BR\",\"potentialAction\":[{\"@type\":\"ReadAction\",\"target\":[\"https:\/\/blog.lacnic.net\/pt-br\/max-larson-a-comunidade-de-lacnic-e-como-uma-grande-familia\/\"]}]},{\"@type\":\"ImageObject\",\"inLanguage\":\"pt-BR\",\"@id\":\"https:\/\/blog.lacnic.net\/pt-br\/max-larson-a-comunidade-de-lacnic-e-como-uma-grande-familia\/#primaryimage\",\"url\":\"http:\/\/prensa.lacnic.net\/news\/wp-content\/uploads\/2017\/07\/max.png\",\"contentUrl\":\"http:\/\/prensa.lacnic.net\/news\/wp-content\/uploads\/2017\/07\/max.png\"},{\"@type\":\"BreadcrumbList\",\"@id\":\"https:\/\/blog.lacnic.net\/pt-br\/max-larson-a-comunidade-de-lacnic-e-como-uma-grande-familia\/#breadcrumb\",\"itemListElement\":[{\"@type\":\"ListItem\",\"position\":1,\"name\":\"Portada\",\"item\":\"https:\/\/blog.lacnic.net\/pt-br\/\"},{\"@type\":\"ListItem\",\"position\":2,\"name\":\"Max Larson &#8220;A comunidade de LACNIC \u00e9 como uma grande fam\u00edlia&#8221;\"}]},{\"@type\":\"WebSite\",\"@id\":\"https:\/\/blog.lacnic.net\/#website\",\"url\":\"https:\/\/blog.lacnic.net\/\",\"name\":\"LACNIC Blog\",\"description\":\"LACNIC Internet Community Newsletter\",\"publisher\":{\"@id\":\"https:\/\/blog.lacnic.net\/#organization\"},\"potentialAction\":[{\"@type\":\"SearchAction\",\"target\":{\"@type\":\"EntryPoint\",\"urlTemplate\":\"https:\/\/blog.lacnic.net\/?s={search_term_string}\"},\"query-input\":{\"@type\":\"PropertyValueSpecification\",\"valueRequired\":true,\"valueName\":\"search_term_string\"}}],\"inLanguage\":\"pt-BR\"},{\"@type\":\"Organization\",\"@id\":\"https:\/\/blog.lacnic.net\/#organization\",\"name\":\"LACNIC Blog\",\"url\":\"https:\/\/blog.lacnic.net\/\",\"logo\":{\"@type\":\"ImageObject\",\"inLanguage\":\"pt-BR\",\"@id\":\"https:\/\/blog.lacnic.net\/#\/schema\/logo\/image\/\",\"url\":\"https:\/\/blog.lacnic.net\/wp-content\/uploads\/2023\/03\/lacnic-blog.svg\",\"contentUrl\":\"https:\/\/blog.lacnic.net\/wp-content\/uploads\/2023\/03\/lacnic-blog.svg\",\"caption\":\"LACNIC Blog\"},\"image\":{\"@id\":\"https:\/\/blog.lacnic.net\/#\/schema\/logo\/image\/\"},\"sameAs\":[\"https:\/\/facebook.com\/lacnic\",\"https:\/\/x.com\/lacnic\",\"https:\/\/www.instagram.com\/lacnic\/?hl=es-la\",\"https:\/\/uy.linkedin.com\/company\/lacnic\",\"https:\/\/www.youtube.com\/user\/lacnicstaff\",\"https:\/\/www.lacnic.net\/podcast\"]},{\"@type\":\"Person\",\"@id\":\"https:\/\/blog.lacnic.net\/#\/schema\/person\/1338d9cfdb0137e8bc5581f3771f39ab\",\"name\":\"Gianni\",\"url\":\"https:\/\/blog.lacnic.net\/pt-br\/author\/gianni\/\"}]}<\/script>\n<!-- \/ Yoast SEO plugin. -->","yoast_head_json":{"title":"LACNIC Blog | Max Larson \"A comunidade de LACNIC \u00e9 como uma grande fam\u00edlia\"","robots":{"index":"index","follow":"follow","max-snippet":"max-snippet:-1","max-image-preview":"max-image-preview:large","max-video-preview":"max-video-preview:-1"},"canonical":"https:\/\/blog.lacnic.net\/pt-br\/max-larson-a-comunidade-de-lacnic-e-como-uma-grande-familia\/","og_locale":"pt_BR","og_type":"article","og_title":"LACNIC Blog | Max Larson \"A comunidade de LACNIC \u00e9 como uma grande fam\u00edlia\"","og_description":"&nbsp; Max Larson, um promotor ativo da Internet em seu Haiti natal e na regi\u00e3o do Caribe, e ligado a LACNIC a partir de diferentes \u00e2mbitos (ex-moderador do F\u00f3rum de Pol\u00edticas e docente da Ayitic Goes Global) considera que o sucesso desses 15 anos do RIR da Am\u00e9rica Latina e o Caribe \u00e9 devido a [&hellip;]","og_url":"https:\/\/blog.lacnic.net\/pt-br\/max-larson-a-comunidade-de-lacnic-e-como-uma-grande-familia\/","og_site_name":"LACNIC Blog","article_publisher":"https:\/\/facebook.com\/lacnic","article_published_time":"2017-07-31T15:29:43+00:00","article_modified_time":"2017-11-30T16:53:25+00:00","og_image":[{"url":"http:\/\/prensa.lacnic.net\/news\/wp-content\/uploads\/2017\/07\/max.png","type":"","width":"","height":""}],"author":"Gianni","twitter_card":"summary_large_image","twitter_creator":"@lacnic","twitter_site":"@lacnic","schema":{"@context":"https:\/\/schema.org","@graph":[{"@type":"Article","@id":"https:\/\/blog.lacnic.net\/pt-br\/max-larson-a-comunidade-de-lacnic-e-como-uma-grande-familia\/#article","isPartOf":{"@id":"https:\/\/blog.lacnic.net\/pt-br\/max-larson-a-comunidade-de-lacnic-e-como-uma-grande-familia\/"},"author":{"name":"Gianni","@id":"https:\/\/blog.lacnic.net\/#\/schema\/person\/1338d9cfdb0137e8bc5581f3771f39ab"},"headline":"Max Larson &#8220;A comunidade de LACNIC \u00e9 como uma grande fam\u00edlia&#8221;","datePublished":"2017-07-31T15:29:43+00:00","dateModified":"2017-11-30T16:53:25+00:00","mainEntityOfPage":{"@id":"https:\/\/blog.lacnic.net\/pt-br\/max-larson-a-comunidade-de-lacnic-e-como-uma-grande-familia\/"},"wordCount":654,"commentCount":0,"publisher":{"@id":"https:\/\/blog.lacnic.net\/#organization"},"image":{"@id":"https:\/\/blog.lacnic.net\/pt-br\/max-larson-a-comunidade-de-lacnic-e-como-uma-grande-familia\/#primaryimage"},"thumbnailUrl":"http:\/\/prensa.lacnic.net\/news\/wp-content\/uploads\/2017\/07\/max.png","keywords":["15\u00ba anivers\u00e1rio"],"articleSection":["sin categoria"],"inLanguage":"pt-BR","potentialAction":[{"@type":"CommentAction","name":"Comment","target":["https:\/\/blog.lacnic.net\/pt-br\/max-larson-a-comunidade-de-lacnic-e-como-uma-grande-familia\/#respond"]}]},{"@type":"WebPage","@id":"https:\/\/blog.lacnic.net\/pt-br\/max-larson-a-comunidade-de-lacnic-e-como-uma-grande-familia\/","url":"https:\/\/blog.lacnic.net\/pt-br\/max-larson-a-comunidade-de-lacnic-e-como-uma-grande-familia\/","name":"LACNIC Blog | Max Larson \"A comunidade de LACNIC \u00e9 como uma grande fam\u00edlia\"","isPartOf":{"@id":"https:\/\/blog.lacnic.net\/#website"},"primaryImageOfPage":{"@id":"https:\/\/blog.lacnic.net\/pt-br\/max-larson-a-comunidade-de-lacnic-e-como-uma-grande-familia\/#primaryimage"},"image":{"@id":"https:\/\/blog.lacnic.net\/pt-br\/max-larson-a-comunidade-de-lacnic-e-como-uma-grande-familia\/#primaryimage"},"thumbnailUrl":"http:\/\/prensa.lacnic.net\/news\/wp-content\/uploads\/2017\/07\/max.png","datePublished":"2017-07-31T15:29:43+00:00","dateModified":"2017-11-30T16:53:25+00:00","breadcrumb":{"@id":"https:\/\/blog.lacnic.net\/pt-br\/max-larson-a-comunidade-de-lacnic-e-como-uma-grande-familia\/#breadcrumb"},"inLanguage":"pt-BR","potentialAction":[{"@type":"ReadAction","target":["https:\/\/blog.lacnic.net\/pt-br\/max-larson-a-comunidade-de-lacnic-e-como-uma-grande-familia\/"]}]},{"@type":"ImageObject","inLanguage":"pt-BR","@id":"https:\/\/blog.lacnic.net\/pt-br\/max-larson-a-comunidade-de-lacnic-e-como-uma-grande-familia\/#primaryimage","url":"http:\/\/prensa.lacnic.net\/news\/wp-content\/uploads\/2017\/07\/max.png","contentUrl":"http:\/\/prensa.lacnic.net\/news\/wp-content\/uploads\/2017\/07\/max.png"},{"@type":"BreadcrumbList","@id":"https:\/\/blog.lacnic.net\/pt-br\/max-larson-a-comunidade-de-lacnic-e-como-uma-grande-familia\/#breadcrumb","itemListElement":[{"@type":"ListItem","position":1,"name":"Portada","item":"https:\/\/blog.lacnic.net\/pt-br\/"},{"@type":"ListItem","position":2,"name":"Max Larson &#8220;A comunidade de LACNIC \u00e9 como uma grande fam\u00edlia&#8221;"}]},{"@type":"WebSite","@id":"https:\/\/blog.lacnic.net\/#website","url":"https:\/\/blog.lacnic.net\/","name":"LACNIC Blog","description":"LACNIC Internet Community Newsletter","publisher":{"@id":"https:\/\/blog.lacnic.net\/#organization"},"potentialAction":[{"@type":"SearchAction","target":{"@type":"EntryPoint","urlTemplate":"https:\/\/blog.lacnic.net\/?s={search_term_string}"},"query-input":{"@type":"PropertyValueSpecification","valueRequired":true,"valueName":"search_term_string"}}],"inLanguage":"pt-BR"},{"@type":"Organization","@id":"https:\/\/blog.lacnic.net\/#organization","name":"LACNIC Blog","url":"https:\/\/blog.lacnic.net\/","logo":{"@type":"ImageObject","inLanguage":"pt-BR","@id":"https:\/\/blog.lacnic.net\/#\/schema\/logo\/image\/","url":"https:\/\/blog.lacnic.net\/wp-content\/uploads\/2023\/03\/lacnic-blog.svg","contentUrl":"https:\/\/blog.lacnic.net\/wp-content\/uploads\/2023\/03\/lacnic-blog.svg","caption":"LACNIC Blog"},"image":{"@id":"https:\/\/blog.lacnic.net\/#\/schema\/logo\/image\/"},"sameAs":["https:\/\/facebook.com\/lacnic","https:\/\/x.com\/lacnic","https:\/\/www.instagram.com\/lacnic\/?hl=es-la","https:\/\/uy.linkedin.com\/company\/lacnic","https:\/\/www.youtube.com\/user\/lacnicstaff","https:\/\/www.lacnic.net\/podcast"]},{"@type":"Person","@id":"https:\/\/blog.lacnic.net\/#\/schema\/person\/1338d9cfdb0137e8bc5581f3771f39ab","name":"Gianni","url":"https:\/\/blog.lacnic.net\/pt-br\/author\/gianni\/"}]}},"jetpack_publicize_connections":[],"jetpack_featured_media_url":"","jetpack_sharing_enabled":true,"wpml_current_locale":"pt_BR","wpml_translations":[{"locale":"es_ES","id":6907,"post_title":"Max Larson  \u201cLa comunidad de LACNIC es como una gran familia\u201d","slug":"max-larson-la-comunidad-de-lacnic-es-como-una-gran-familia","href":"https:\/\/blog.lacnic.net\/max-larson-la-comunidad-de-lacnic-es-como-una-gran-familia\/"},{"locale":"en_US","id":6909,"post_title":"Max Larson \u201cThe LACNIC community is a great family\u201d","slug":"max-larson-the-lacnic-community-is-a-great-family","href":"https:\/\/blog.lacnic.net\/en\/max-larson-the-lacnic-community-is-a-great-family\/"}],"_links":{"self":[{"href":"https:\/\/blog.lacnic.net\/pt-br\/wp-json\/wp\/v2\/posts\/6913","targetHints":{"allow":["GET"]}}],"collection":[{"href":"https:\/\/blog.lacnic.net\/pt-br\/wp-json\/wp\/v2\/posts"}],"about":[{"href":"https:\/\/blog.lacnic.net\/pt-br\/wp-json\/wp\/v2\/types\/post"}],"author":[{"embeddable":true,"href":"https:\/\/blog.lacnic.net\/pt-br\/wp-json\/wp\/v2\/users\/6"}],"replies":[{"embeddable":true,"href":"https:\/\/blog.lacnic.net\/pt-br\/wp-json\/wp\/v2\/comments?post=6913"}],"version-history":[{"count":4,"href":"https:\/\/blog.lacnic.net\/pt-br\/wp-json\/wp\/v2\/posts\/6913\/revisions"}],"predecessor-version":[{"id":8127,"href":"https:\/\/blog.lacnic.net\/pt-br\/wp-json\/wp\/v2\/posts\/6913\/revisions\/8127"}],"wp:attachment":[{"href":"https:\/\/blog.lacnic.net\/pt-br\/wp-json\/wp\/v2\/media?parent=6913"}],"wp:term":[{"taxonomy":"category","embeddable":true,"href":"https:\/\/blog.lacnic.net\/pt-br\/wp-json\/wp\/v2\/categories?post=6913"},{"taxonomy":"post_tag","embeddable":true,"href":"https:\/\/blog.lacnic.net\/pt-br\/wp-json\/wp\/v2\/tags?post=6913"},{"taxonomy":"archivo","embeddable":true,"href":"https:\/\/blog.lacnic.net\/pt-br\/wp-json\/wp\/v2\/archivo?post=6913"},{"taxonomy":"taxonomy-authors","embeddable":true,"href":"https:\/\/blog.lacnic.net\/pt-br\/wp-json\/wp\/v2\/taxonomy-authors?post=6913"},{"taxonomy":"tipo_autor","embeddable":true,"href":"https:\/\/blog.lacnic.net\/pt-br\/wp-json\/wp\/v2\/tipo_autor?post=6913"}],"curies":[{"name":"wp","href":"https:\/\/api.w.org\/{rel}","templated":true}]}}