{"id":6714,"date":"2017-05-31T18:51:00","date_gmt":"2017-05-31T18:51:00","guid":{"rendered":"http:\/\/prensa.lacnic.net\/news\/2017mayopt\/jorge-villa-apaixonado-nos-debates-e-maduro-nas-decisoes"},"modified":"2017-11-30T16:53:08","modified_gmt":"2017-11-30T16:53:08","slug":"jorge-villa-apaixonado-nos-debates-e-maduro-nas-decisoes","status":"publish","type":"post","link":"https:\/\/blog.lacnic.net\/pt-br\/jorge-villa-apaixonado-nos-debates-e-maduro-nas-decisoes\/","title":{"rendered":"Jorge Villa \u201cApaixonado nos debates e maduro nas decis\u00f5es\u201d"},"content":{"rendered":"<p><strong><img decoding=\"async\" class=\"alignnone size-full wp-image-6672\" src=\"http:\/\/prensa.lacnic.net\/news\/wp-content\/uploads\/2017\/05\/entrevista_villa-1.png\" alt=\"\" height=\"220\" width=\"680\" srcset=\"https:\/\/blog.lacnic.net\/wp-content\/uploads\/2017\/05\/entrevista_villa-1.png 680w, https:\/\/blog.lacnic.net\/wp-content\/uploads\/2017\/05\/entrevista_villa-1-300x97.png 300w\" sizes=\"(max-width: 680px) 100vw, 680px\" \/><\/strong><strong>&nbsp;<\/strong><\/p>\n<p>Carism\u00e1tico, amig\u00e1vel e ao mesmo tempo muito ativo na defesa dos interesses comuns dos diversos grupos da Internet na regi\u00e3o, especialmente dos povos do Caribe. Esses atributos definem a Jorge Villa (Cuba), quem desempenhou v\u00e1rios papeis destacados durante estes 15 anos de vida de LACNIC.<\/p>\n<p>Desde esse lugar, destaca o papel da comunidade de LACNIC que tem permitido quebrar o &#8220;papel de colonizados&#8221; e &#8220;considerar estrat\u00e9gias pr\u00f3prias&#8221; garantindo a administra\u00e7\u00e3o adequada dos recursos de numera\u00e7\u00e3o designados \u00e0 Am\u00e9rica Latina e ao Caribe.<\/p>\n<p><strong>Quando come\u00e7ou a sua rela\u00e7\u00e3o com LACNIC e como?<\/strong><\/p>\n<p>Eu sei de LACNIC desde que era uma ideia, que, ali\u00e1s, teve um grande impulso a partir de uma reuni\u00e3o realizada aqui em Havana (1997 ou 1998), onde participaram os l\u00edderes de v\u00e1rias das principais redes acad\u00eamicas da regi\u00e3o, que dividiam espa\u00e7o em um f\u00f3rum intitulado Enredo.<\/p>\n<p>Em 1998, no Rio de Janeiro, durante o primeiro Workshop de Redes para Am\u00e9rica Latina e o Caribe (WALC) conheci Ra\u00fal Echeberr\u00eda e Juan Carlos Alonso (duas pe\u00e7as chave no surgimento e desenvolvimento de LACNIC). Eu os vi de novo nas edi\u00e7\u00f5es dessas oficinas na Cidade de M\u00e9xico (2000) e Santo Domingo (2002), e de alguma forma sempre mantivemos o contato, tanto diretamente quanto atrav\u00e9s de amigos em comum. Por eles, e tamb\u00e9m por alguns colegas cubanos (fundamentalmente por Jes\u00fas Mart\u00ednez, quem foi dos primeiros diretores de LACNIC), conheci melhor o que estava sendo gestado.<\/p>\n<p>Quando realizaram a convoca\u00e7\u00e3o para LACNIC V aqui em Havana (em outubro de 2003) fui um dos primeiros em me inscrever. Naquela \u00e9poca, eu j\u00e1 entendia (melhor do que muitos colegas) a transcend\u00eancia da organiza\u00e7\u00e3o que tinha sido criada, e no pessoal, para mim foi uma sorte de continuidade e crescimento dentro de todo o trabalho que estava sendo feito em Cuba. Nessa reuni\u00e3o voltei a encontrar alguns velhos amigos, fiz muitos outros e simplesmente, senti que tamb\u00e9m fazia parte dessa comunidade da Am\u00e9rica Latina e o Caribe. E assim, a rela\u00e7\u00e3o tem continuado (cada vez melhor) ao longo de todos esses anos.<\/p>\n<p><strong>Que pap\u00e9is voc\u00ea exerceu na comunidade de LACNIC? Satisfez as suas expectativas? Que aspectos voc\u00ea destacaria?<\/strong><strong>&nbsp;<\/strong><\/p>\n<p>Meu trabalho na comunidade LACNIC pode ser concretizado em quatro posi\u00e7\u00f5es: Membro do Comit\u00ea de Programa do F\u00f3rum da Am\u00e9rica Latina e o Caribe do IPv6 (FLIP6), Representante da regi\u00e3o no NRO Number Council\/ ASO ADDRESS COUNCIL, Membro do Comit\u00ea de Programa do F\u00f3rum de Operadores de Redes da Am\u00e9rica Latina e o Caribe (LACNOG) e Coordenador do programa de bolsas para os membros da comunidade.<\/p>\n<p>Em primeiro lugar, agrade\u00e7o \u00e0 comunidade por ter confiado em mim para executar essas fun\u00e7\u00f5es, e espero n\u00e3o t\u00ea-la desapontado. Em cada uma destas atividades, eu sempre tento dar o m\u00e1ximo, sempre com o esp\u00edrito de aprender, de colaborar, de contribuir.<\/p>\n<p>Claro que todos esses papeis s\u00e3o diferentes, e cada um exige uma grande responsabilidade. Em cada espa\u00e7o, cada um vai colocando a sua parte para que a comunidade continue crescendo.<\/p>\n<p>Por sobre tudo, eu salientaria o fato de contar com pessoas muito valiosas que me ajudaram e apoiaram em cada um desses papeis, tanto da equipe de LACNIC quanto da comunidade. Por meu jeito de ser, eu adoro conversar com as pessoas, fazer amigos; e por isso eu gosto que as pessoas me vejam como mais um da comunidade, e que se sintam confiantes para me abordar, discutir, pedir ajuda ou talvez, um conselho profissional ou pessoal.<\/p>\n<p>Algumas das satisfa\u00e7\u00f5es que coleto destas experi\u00eancias incluem a contribui\u00e7\u00e3o para a consolida\u00e7\u00e3o do FLIP6, o fortalecimento e crescimento de LACNOG, a estrutura\u00e7\u00e3o e consolida\u00e7\u00e3o do programa de bolsistas procedentes da comunidade de LACNIC; bem como o sucesso obtido ao finalizar o processo de transi\u00e7\u00e3o da supervis\u00e3o das fun\u00e7\u00f5es da IANA&nbsp;(hoje PTI) para a comunidade global da Internet.<\/p>\n<p><strong>Que papel acredita que a comunidade de LACNIC teve na administra\u00e7\u00e3o dos recursos de numera\u00e7\u00e3o nesses 15 anos?<\/strong><\/p>\n<p>Eu acho que tem sido um papel fundamental, sem o qual acredito que a regi\u00e3o estaria em desvantagem para poder considerar as suas pr\u00f3prias estrat\u00e9gias de desenvolvimento.<\/p>\n<p>Por motivos hist\u00f3ricos, quem nascemos, crescemos e vivemos no chamado terceiro mundo, muitas vezes n\u00e3o conseguimos quebrar esse papel de colonizados que herdamos da hist\u00f3ria. Mas a nossa regi\u00e3o teve, tem e cada vez ter\u00e1 mais potencial para se desenvolver e conseguir que o mundo desenvolvido nos veja como iguais.<\/p>\n<p>Neste sentido, a comunidade de LACNIC foi fundamental porque garantiu uma administra\u00e7\u00e3o correta dos recursos de numera\u00e7\u00e3o designados \u00e0 regi\u00e3o (ao longo de 15 anos) criando verdadeiras rela\u00e7\u00f5es de confian\u00e7a. Assim, possibilitou que muitas organiza\u00e7\u00f5es da regi\u00e3o cresceram e implementaram melhor suas redes e servi\u00e7os; enquanto que outras entenderam verdadeiramente a import\u00e2ncia de contar com estes recursos para poder projetar um futuro melhor para os nossos pa\u00edses. Gra\u00e7as a esta comunidade (na que muitos dos atores da regi\u00e3o estamos envolvidos), temos uma voz em todos os f\u00f3runs, ao mesmo n\u00edvel que todas as outras \u00e1reas, independentemente do n\u00edvel de desenvolvimento.<\/p>\n<p>Definitivamente, a comunidade de LACNIC \u00e9 a pedra angular para o presente e o futuro da regi\u00e3o; onde o uso das chamadas novas tecnologias da informa\u00e7\u00e3o e comunica\u00e7\u00e3o, se imp\u00f5e cada vez mais como uma for\u00e7a transformadora.<\/p>\n<p><strong>Que aspectos identificam \u00e0 comunidade de LACNIC?<\/strong><\/p>\n<p>Esta \u00e9 uma comunidade multinacional, multirracial, multi\u00e9tnica, e isso faz com que seja muito forte. Todos n\u00f3s aprendemos de todos. Estamos tentando viver como uma verdadeira fam\u00edlia, em que prime o respeito, a solidariedade, a luta contra qualquer forma de discrimina\u00e7\u00e3o, em que seja promovida a transpar\u00eancia e a exist\u00eancia de verdadeiras rela\u00e7\u00f5es de confian\u00e7a. Da mesma forma que acontece dentro de uma fam\u00edlia, n\u00e3o estamos isentos de conflitos entre alguns de seus membros, j\u00e1 que o sangue latino \u00e9 quente, somos apaixonados nos debates e radicais em muitas opini\u00f5es; mas felizmente, em geral, conseguimos tirar os aspectos positivos destas situa\u00e7\u00f5es para continuar progredindo; e isso \u00e9 um sinal claro de maturidade.<\/p>\n<p>Esta \u00e9 uma comunidade comprometida com seus objetivos, com sua gente, sempre com ideias, com vontade de fazer e participar, que se envolve em todas as quest\u00f5es que possam beneficiar \u00e0 regi\u00e3o, e esse \u00e9 o seu \u00e2mbito de aplica\u00e7\u00e3o.<\/p>\n<p>Algo fundamental, \u00e9 que \u00e9 uma comunidade que defende a s\u00e9rio o respeito pela mulher e promove a sua participa\u00e7\u00e3o de forma igualit\u00e1ria.<\/p>\n<p>\u00c9 uma comunidade que trabalhou e trabalha por incorporar a todos, por tentar de vencer as barreiras idiom\u00e1ticas que ainda limitam (em alguns casos) a comunica\u00e7\u00e3o e a participa\u00e7\u00e3o. Nesse sentido acho importante salientar o trabalho realizado com a comunidade do Caribe.<\/p>\n<p><strong>Como imagina voc\u00ea a governan\u00e7a da Internet em 15 anos?<\/strong><\/p>\n<p>Imaginar o mundo dentro de 15 anos \u00e9 um exerc\u00edcio interessante, j\u00e1 que tudo muda em alta velocidade. Ent\u00e3o, o que eu visualizo \u00e9 que, nesse tempo, a governan\u00e7a da Internet ser\u00e1 muito mais refinada e muito mais s\u00f3lida do que hoje, certamente haver\u00e1 novos atores, muitos jovens envolvidos e, especialmente, um grande n\u00famero de pessoas da nossa regi\u00e3o participando e contribuindo.<\/p>\n","protected":false},"excerpt":{"rendered":"<p>&nbsp; Carism\u00e1tico, amig\u00e1vel e ao mesmo tempo muito ativo na defesa dos interesses comuns dos diversos grupos da Internet na regi\u00e3o, especialmente dos povos do Caribe. Esses atributos definem a Jorge Villa (Cuba), quem desempenhou v\u00e1rios papeis destacados durante estes 15 anos de vida de LACNIC. Desde esse lugar, destaca o papel da comunidade de [&hellip;]<\/p>\n","protected":false},"author":6,"featured_media":0,"comment_status":"open","ping_status":"open","sticky":false,"template":"","format":"standard","meta":{"_acf_changed":false,"_jetpack_memberships_contains_paid_content":false,"footnotes":"","jetpack_publicize_message":"","jetpack_publicize_feature_enabled":true,"jetpack_social_post_already_shared":false,"jetpack_social_options":{"image_generator_settings":{"template":"highway","default_image_id":0,"font":"","enabled":false},"version":2}},"categories":[651],"tags":[402],"archivo":[813,1346],"taxonomy-authors":[],"tipo_autor":[],"class_list":["post-6714","post","type-post","status-publish","format-standard","hentry","category-sin-categoria-pt-br","tag-15-aniversario-pt","archivo-edicao-maio-2017","archivo-edicoes-anteriores"],"acf":{"author":"","related_notes":null},"yoast_head":"<!-- This site is optimized with the Yoast SEO plugin v27.0 - https:\/\/yoast.com\/product\/yoast-seo-wordpress\/ -->\n<title>LACNIC Blog | Jorge Villa \u201cApaixonado nos debates e maduro nas decis\u00f5es\u201d<\/title>\n<meta name=\"robots\" content=\"index, follow, max-snippet:-1, max-image-preview:large, max-video-preview:-1\" \/>\n<link rel=\"canonical\" href=\"https:\/\/blog.lacnic.net\/pt-br\/jorge-villa-apaixonado-nos-debates-e-maduro-nas-decisoes\/\" \/>\n<meta property=\"og:locale\" content=\"pt_BR\" \/>\n<meta property=\"og:type\" content=\"article\" \/>\n<meta property=\"og:title\" content=\"LACNIC Blog | Jorge Villa \u201cApaixonado nos debates e maduro nas decis\u00f5es\u201d\" \/>\n<meta property=\"og:description\" content=\"&nbsp; Carism\u00e1tico, amig\u00e1vel e ao mesmo tempo muito ativo na defesa dos interesses comuns dos diversos grupos da Internet na regi\u00e3o, especialmente dos povos do Caribe. Esses atributos definem a Jorge Villa (Cuba), quem desempenhou v\u00e1rios papeis destacados durante estes 15 anos de vida de LACNIC. Desde esse lugar, destaca o papel da comunidade de [&hellip;]\" \/>\n<meta property=\"og:url\" content=\"https:\/\/blog.lacnic.net\/pt-br\/jorge-villa-apaixonado-nos-debates-e-maduro-nas-decisoes\/\" \/>\n<meta property=\"og:site_name\" content=\"LACNIC Blog\" \/>\n<meta property=\"article:publisher\" content=\"https:\/\/facebook.com\/lacnic\" \/>\n<meta property=\"article:published_time\" content=\"2017-05-31T18:51:00+00:00\" \/>\n<meta property=\"article:modified_time\" content=\"2017-11-30T16:53:08+00:00\" \/>\n<meta property=\"og:image\" content=\"http:\/\/prensa.lacnic.net\/news\/wp-content\/uploads\/2017\/05\/entrevista_villa-1.png\" \/>\n<meta name=\"author\" content=\"Gianni\" \/>\n<meta name=\"twitter:card\" content=\"summary_large_image\" \/>\n<meta name=\"twitter:creator\" content=\"@lacnic\" \/>\n<meta name=\"twitter:site\" content=\"@lacnic\" \/>\n<script type=\"application\/ld+json\" class=\"yoast-schema-graph\">{\"@context\":\"https:\/\/schema.org\",\"@graph\":[{\"@type\":\"Article\",\"@id\":\"https:\/\/blog.lacnic.net\/pt-br\/jorge-villa-apaixonado-nos-debates-e-maduro-nas-decisoes\/#article\",\"isPartOf\":{\"@id\":\"https:\/\/blog.lacnic.net\/pt-br\/jorge-villa-apaixonado-nos-debates-e-maduro-nas-decisoes\/\"},\"author\":{\"name\":\"Gianni\",\"@id\":\"https:\/\/blog.lacnic.net\/#\/schema\/person\/1338d9cfdb0137e8bc5581f3771f39ab\"},\"headline\":\"Jorge Villa \u201cApaixonado nos debates e maduro nas decis\u00f5es\u201d\",\"datePublished\":\"2017-05-31T18:51:00+00:00\",\"dateModified\":\"2017-11-30T16:53:08+00:00\",\"mainEntityOfPage\":{\"@id\":\"https:\/\/blog.lacnic.net\/pt-br\/jorge-villa-apaixonado-nos-debates-e-maduro-nas-decisoes\/\"},\"wordCount\":1256,\"commentCount\":0,\"publisher\":{\"@id\":\"https:\/\/blog.lacnic.net\/#organization\"},\"image\":{\"@id\":\"https:\/\/blog.lacnic.net\/pt-br\/jorge-villa-apaixonado-nos-debates-e-maduro-nas-decisoes\/#primaryimage\"},\"thumbnailUrl\":\"http:\/\/prensa.lacnic.net\/news\/wp-content\/uploads\/2017\/05\/entrevista_villa-1.png\",\"keywords\":[\"15\u00ba anivers\u00e1rio\"],\"articleSection\":[\"sin categoria\"],\"inLanguage\":\"pt-BR\",\"potentialAction\":[{\"@type\":\"CommentAction\",\"name\":\"Comment\",\"target\":[\"https:\/\/blog.lacnic.net\/pt-br\/jorge-villa-apaixonado-nos-debates-e-maduro-nas-decisoes\/#respond\"]}]},{\"@type\":\"WebPage\",\"@id\":\"https:\/\/blog.lacnic.net\/pt-br\/jorge-villa-apaixonado-nos-debates-e-maduro-nas-decisoes\/\",\"url\":\"https:\/\/blog.lacnic.net\/pt-br\/jorge-villa-apaixonado-nos-debates-e-maduro-nas-decisoes\/\",\"name\":\"LACNIC Blog | Jorge Villa \u201cApaixonado nos debates e maduro nas decis\u00f5es\u201d\",\"isPartOf\":{\"@id\":\"https:\/\/blog.lacnic.net\/#website\"},\"primaryImageOfPage\":{\"@id\":\"https:\/\/blog.lacnic.net\/pt-br\/jorge-villa-apaixonado-nos-debates-e-maduro-nas-decisoes\/#primaryimage\"},\"image\":{\"@id\":\"https:\/\/blog.lacnic.net\/pt-br\/jorge-villa-apaixonado-nos-debates-e-maduro-nas-decisoes\/#primaryimage\"},\"thumbnailUrl\":\"http:\/\/prensa.lacnic.net\/news\/wp-content\/uploads\/2017\/05\/entrevista_villa-1.png\",\"datePublished\":\"2017-05-31T18:51:00+00:00\",\"dateModified\":\"2017-11-30T16:53:08+00:00\",\"breadcrumb\":{\"@id\":\"https:\/\/blog.lacnic.net\/pt-br\/jorge-villa-apaixonado-nos-debates-e-maduro-nas-decisoes\/#breadcrumb\"},\"inLanguage\":\"pt-BR\",\"potentialAction\":[{\"@type\":\"ReadAction\",\"target\":[\"https:\/\/blog.lacnic.net\/pt-br\/jorge-villa-apaixonado-nos-debates-e-maduro-nas-decisoes\/\"]}]},{\"@type\":\"ImageObject\",\"inLanguage\":\"pt-BR\",\"@id\":\"https:\/\/blog.lacnic.net\/pt-br\/jorge-villa-apaixonado-nos-debates-e-maduro-nas-decisoes\/#primaryimage\",\"url\":\"http:\/\/prensa.lacnic.net\/news\/wp-content\/uploads\/2017\/05\/entrevista_villa-1.png\",\"contentUrl\":\"http:\/\/prensa.lacnic.net\/news\/wp-content\/uploads\/2017\/05\/entrevista_villa-1.png\"},{\"@type\":\"BreadcrumbList\",\"@id\":\"https:\/\/blog.lacnic.net\/pt-br\/jorge-villa-apaixonado-nos-debates-e-maduro-nas-decisoes\/#breadcrumb\",\"itemListElement\":[{\"@type\":\"ListItem\",\"position\":1,\"name\":\"Portada\",\"item\":\"https:\/\/blog.lacnic.net\/pt-br\/\"},{\"@type\":\"ListItem\",\"position\":2,\"name\":\"Jorge Villa \u201cApaixonado nos debates e maduro nas decis\u00f5es\u201d\"}]},{\"@type\":\"WebSite\",\"@id\":\"https:\/\/blog.lacnic.net\/#website\",\"url\":\"https:\/\/blog.lacnic.net\/\",\"name\":\"LACNIC Blog\",\"description\":\"LACNIC Internet Community Newsletter\",\"publisher\":{\"@id\":\"https:\/\/blog.lacnic.net\/#organization\"},\"potentialAction\":[{\"@type\":\"SearchAction\",\"target\":{\"@type\":\"EntryPoint\",\"urlTemplate\":\"https:\/\/blog.lacnic.net\/?s={search_term_string}\"},\"query-input\":{\"@type\":\"PropertyValueSpecification\",\"valueRequired\":true,\"valueName\":\"search_term_string\"}}],\"inLanguage\":\"pt-BR\"},{\"@type\":\"Organization\",\"@id\":\"https:\/\/blog.lacnic.net\/#organization\",\"name\":\"LACNIC Blog\",\"url\":\"https:\/\/blog.lacnic.net\/\",\"logo\":{\"@type\":\"ImageObject\",\"inLanguage\":\"pt-BR\",\"@id\":\"https:\/\/blog.lacnic.net\/#\/schema\/logo\/image\/\",\"url\":\"https:\/\/blog.lacnic.net\/wp-content\/uploads\/2023\/03\/lacnic-blog.svg\",\"contentUrl\":\"https:\/\/blog.lacnic.net\/wp-content\/uploads\/2023\/03\/lacnic-blog.svg\",\"caption\":\"LACNIC Blog\"},\"image\":{\"@id\":\"https:\/\/blog.lacnic.net\/#\/schema\/logo\/image\/\"},\"sameAs\":[\"https:\/\/facebook.com\/lacnic\",\"https:\/\/x.com\/lacnic\",\"https:\/\/www.instagram.com\/lacnic\/?hl=es-la\",\"https:\/\/uy.linkedin.com\/company\/lacnic\",\"https:\/\/www.youtube.com\/user\/lacnicstaff\",\"https:\/\/www.lacnic.net\/podcast\"]},{\"@type\":\"Person\",\"@id\":\"https:\/\/blog.lacnic.net\/#\/schema\/person\/1338d9cfdb0137e8bc5581f3771f39ab\",\"name\":\"Gianni\",\"url\":\"https:\/\/blog.lacnic.net\/pt-br\/author\/gianni\/\"}]}<\/script>\n<!-- \/ Yoast SEO plugin. -->","yoast_head_json":{"title":"LACNIC Blog | Jorge Villa \u201cApaixonado nos debates e maduro nas decis\u00f5es\u201d","robots":{"index":"index","follow":"follow","max-snippet":"max-snippet:-1","max-image-preview":"max-image-preview:large","max-video-preview":"max-video-preview:-1"},"canonical":"https:\/\/blog.lacnic.net\/pt-br\/jorge-villa-apaixonado-nos-debates-e-maduro-nas-decisoes\/","og_locale":"pt_BR","og_type":"article","og_title":"LACNIC Blog | Jorge Villa \u201cApaixonado nos debates e maduro nas decis\u00f5es\u201d","og_description":"&nbsp; Carism\u00e1tico, amig\u00e1vel e ao mesmo tempo muito ativo na defesa dos interesses comuns dos diversos grupos da Internet na regi\u00e3o, especialmente dos povos do Caribe. Esses atributos definem a Jorge Villa (Cuba), quem desempenhou v\u00e1rios papeis destacados durante estes 15 anos de vida de LACNIC. Desde esse lugar, destaca o papel da comunidade de [&hellip;]","og_url":"https:\/\/blog.lacnic.net\/pt-br\/jorge-villa-apaixonado-nos-debates-e-maduro-nas-decisoes\/","og_site_name":"LACNIC Blog","article_publisher":"https:\/\/facebook.com\/lacnic","article_published_time":"2017-05-31T18:51:00+00:00","article_modified_time":"2017-11-30T16:53:08+00:00","og_image":[{"url":"http:\/\/prensa.lacnic.net\/news\/wp-content\/uploads\/2017\/05\/entrevista_villa-1.png","type":"","width":"","height":""}],"author":"Gianni","twitter_card":"summary_large_image","twitter_creator":"@lacnic","twitter_site":"@lacnic","schema":{"@context":"https:\/\/schema.org","@graph":[{"@type":"Article","@id":"https:\/\/blog.lacnic.net\/pt-br\/jorge-villa-apaixonado-nos-debates-e-maduro-nas-decisoes\/#article","isPartOf":{"@id":"https:\/\/blog.lacnic.net\/pt-br\/jorge-villa-apaixonado-nos-debates-e-maduro-nas-decisoes\/"},"author":{"name":"Gianni","@id":"https:\/\/blog.lacnic.net\/#\/schema\/person\/1338d9cfdb0137e8bc5581f3771f39ab"},"headline":"Jorge Villa \u201cApaixonado nos debates e maduro nas decis\u00f5es\u201d","datePublished":"2017-05-31T18:51:00+00:00","dateModified":"2017-11-30T16:53:08+00:00","mainEntityOfPage":{"@id":"https:\/\/blog.lacnic.net\/pt-br\/jorge-villa-apaixonado-nos-debates-e-maduro-nas-decisoes\/"},"wordCount":1256,"commentCount":0,"publisher":{"@id":"https:\/\/blog.lacnic.net\/#organization"},"image":{"@id":"https:\/\/blog.lacnic.net\/pt-br\/jorge-villa-apaixonado-nos-debates-e-maduro-nas-decisoes\/#primaryimage"},"thumbnailUrl":"http:\/\/prensa.lacnic.net\/news\/wp-content\/uploads\/2017\/05\/entrevista_villa-1.png","keywords":["15\u00ba anivers\u00e1rio"],"articleSection":["sin categoria"],"inLanguage":"pt-BR","potentialAction":[{"@type":"CommentAction","name":"Comment","target":["https:\/\/blog.lacnic.net\/pt-br\/jorge-villa-apaixonado-nos-debates-e-maduro-nas-decisoes\/#respond"]}]},{"@type":"WebPage","@id":"https:\/\/blog.lacnic.net\/pt-br\/jorge-villa-apaixonado-nos-debates-e-maduro-nas-decisoes\/","url":"https:\/\/blog.lacnic.net\/pt-br\/jorge-villa-apaixonado-nos-debates-e-maduro-nas-decisoes\/","name":"LACNIC Blog | Jorge Villa \u201cApaixonado nos debates e maduro nas decis\u00f5es\u201d","isPartOf":{"@id":"https:\/\/blog.lacnic.net\/#website"},"primaryImageOfPage":{"@id":"https:\/\/blog.lacnic.net\/pt-br\/jorge-villa-apaixonado-nos-debates-e-maduro-nas-decisoes\/#primaryimage"},"image":{"@id":"https:\/\/blog.lacnic.net\/pt-br\/jorge-villa-apaixonado-nos-debates-e-maduro-nas-decisoes\/#primaryimage"},"thumbnailUrl":"http:\/\/prensa.lacnic.net\/news\/wp-content\/uploads\/2017\/05\/entrevista_villa-1.png","datePublished":"2017-05-31T18:51:00+00:00","dateModified":"2017-11-30T16:53:08+00:00","breadcrumb":{"@id":"https:\/\/blog.lacnic.net\/pt-br\/jorge-villa-apaixonado-nos-debates-e-maduro-nas-decisoes\/#breadcrumb"},"inLanguage":"pt-BR","potentialAction":[{"@type":"ReadAction","target":["https:\/\/blog.lacnic.net\/pt-br\/jorge-villa-apaixonado-nos-debates-e-maduro-nas-decisoes\/"]}]},{"@type":"ImageObject","inLanguage":"pt-BR","@id":"https:\/\/blog.lacnic.net\/pt-br\/jorge-villa-apaixonado-nos-debates-e-maduro-nas-decisoes\/#primaryimage","url":"http:\/\/prensa.lacnic.net\/news\/wp-content\/uploads\/2017\/05\/entrevista_villa-1.png","contentUrl":"http:\/\/prensa.lacnic.net\/news\/wp-content\/uploads\/2017\/05\/entrevista_villa-1.png"},{"@type":"BreadcrumbList","@id":"https:\/\/blog.lacnic.net\/pt-br\/jorge-villa-apaixonado-nos-debates-e-maduro-nas-decisoes\/#breadcrumb","itemListElement":[{"@type":"ListItem","position":1,"name":"Portada","item":"https:\/\/blog.lacnic.net\/pt-br\/"},{"@type":"ListItem","position":2,"name":"Jorge Villa \u201cApaixonado nos debates e maduro nas decis\u00f5es\u201d"}]},{"@type":"WebSite","@id":"https:\/\/blog.lacnic.net\/#website","url":"https:\/\/blog.lacnic.net\/","name":"LACNIC Blog","description":"LACNIC Internet Community Newsletter","publisher":{"@id":"https:\/\/blog.lacnic.net\/#organization"},"potentialAction":[{"@type":"SearchAction","target":{"@type":"EntryPoint","urlTemplate":"https:\/\/blog.lacnic.net\/?s={search_term_string}"},"query-input":{"@type":"PropertyValueSpecification","valueRequired":true,"valueName":"search_term_string"}}],"inLanguage":"pt-BR"},{"@type":"Organization","@id":"https:\/\/blog.lacnic.net\/#organization","name":"LACNIC Blog","url":"https:\/\/blog.lacnic.net\/","logo":{"@type":"ImageObject","inLanguage":"pt-BR","@id":"https:\/\/blog.lacnic.net\/#\/schema\/logo\/image\/","url":"https:\/\/blog.lacnic.net\/wp-content\/uploads\/2023\/03\/lacnic-blog.svg","contentUrl":"https:\/\/blog.lacnic.net\/wp-content\/uploads\/2023\/03\/lacnic-blog.svg","caption":"LACNIC Blog"},"image":{"@id":"https:\/\/blog.lacnic.net\/#\/schema\/logo\/image\/"},"sameAs":["https:\/\/facebook.com\/lacnic","https:\/\/x.com\/lacnic","https:\/\/www.instagram.com\/lacnic\/?hl=es-la","https:\/\/uy.linkedin.com\/company\/lacnic","https:\/\/www.youtube.com\/user\/lacnicstaff","https:\/\/www.lacnic.net\/podcast"]},{"@type":"Person","@id":"https:\/\/blog.lacnic.net\/#\/schema\/person\/1338d9cfdb0137e8bc5581f3771f39ab","name":"Gianni","url":"https:\/\/blog.lacnic.net\/pt-br\/author\/gianni\/"}]}},"jetpack_publicize_connections":[],"jetpack_featured_media_url":"","jetpack_sharing_enabled":true,"wpml_current_locale":"pt_BR","wpml_translations":[{"locale":"es_ES","id":6670,"post_title":"Jorge Villa  \u201cApasionados en los debates y maduros en las decisiones\u201d","slug":"jorge-villa-apasionados-en-los-debates-y-maduros-en-las-decisiones","href":"https:\/\/blog.lacnic.net\/jorge-villa-apasionados-en-los-debates-y-maduros-en-las-decisiones\/"},{"locale":"en_US","id":6692,"post_title":"Jorge Villa \"Passionate in our debates, mature in our decisions\"","slug":"jorge-villa-passionate-in-our-debates-mature-in-our-decisions","href":"https:\/\/blog.lacnic.net\/en\/jorge-villa-passionate-in-our-debates-mature-in-our-decisions\/"}],"_links":{"self":[{"href":"https:\/\/blog.lacnic.net\/pt-br\/wp-json\/wp\/v2\/posts\/6714","targetHints":{"allow":["GET"]}}],"collection":[{"href":"https:\/\/blog.lacnic.net\/pt-br\/wp-json\/wp\/v2\/posts"}],"about":[{"href":"https:\/\/blog.lacnic.net\/pt-br\/wp-json\/wp\/v2\/types\/post"}],"author":[{"embeddable":true,"href":"https:\/\/blog.lacnic.net\/pt-br\/wp-json\/wp\/v2\/users\/6"}],"replies":[{"embeddable":true,"href":"https:\/\/blog.lacnic.net\/pt-br\/wp-json\/wp\/v2\/comments?post=6714"}],"version-history":[{"count":2,"href":"https:\/\/blog.lacnic.net\/pt-br\/wp-json\/wp\/v2\/posts\/6714\/revisions"}],"predecessor-version":[{"id":8124,"href":"https:\/\/blog.lacnic.net\/pt-br\/wp-json\/wp\/v2\/posts\/6714\/revisions\/8124"}],"wp:attachment":[{"href":"https:\/\/blog.lacnic.net\/pt-br\/wp-json\/wp\/v2\/media?parent=6714"}],"wp:term":[{"taxonomy":"category","embeddable":true,"href":"https:\/\/blog.lacnic.net\/pt-br\/wp-json\/wp\/v2\/categories?post=6714"},{"taxonomy":"post_tag","embeddable":true,"href":"https:\/\/blog.lacnic.net\/pt-br\/wp-json\/wp\/v2\/tags?post=6714"},{"taxonomy":"archivo","embeddable":true,"href":"https:\/\/blog.lacnic.net\/pt-br\/wp-json\/wp\/v2\/archivo?post=6714"},{"taxonomy":"taxonomy-authors","embeddable":true,"href":"https:\/\/blog.lacnic.net\/pt-br\/wp-json\/wp\/v2\/taxonomy-authors?post=6714"},{"taxonomy":"tipo_autor","embeddable":true,"href":"https:\/\/blog.lacnic.net\/pt-br\/wp-json\/wp\/v2\/tipo_autor?post=6714"}],"curies":[{"name":"wp","href":"https:\/\/api.w.org\/{rel}","templated":true}]}}