{"id":6282,"date":"2017-01-31T19:36:43","date_gmt":"2017-01-31T19:36:43","guid":{"rendered":"http:\/\/prensa.lacnic.net\/news\/2017enept\/os-irmaos-sejam-unidos"},"modified":"2017-01-31T19:36:43","modified_gmt":"2017-01-31T19:36:43","slug":"os-irmaos-sejam-unidos","status":"publish","type":"post","link":"https:\/\/blog.lacnic.net\/pt-br\/os-irmaos-sejam-unidos\/","title":{"rendered":"Os irm\u00e3os sejam unidos"},"content":{"rendered":"<p><img decoding=\"async\" class=\"alignnone size-full wp-image-6229\" src=\"http:\/\/prensa.lacnic.net\/news\/wp-content\/uploads\/2017\/01\/frida.png\" alt=\"Los hermanos sean unidos\" width=\"680\" height=\"220\" srcset=\"https:\/\/blog.lacnic.net\/wp-content\/uploads\/2017\/01\/frida.png 680w, https:\/\/blog.lacnic.net\/wp-content\/uploads\/2017\/01\/frida-300x97.png 300w\" sizes=\"(max-width: 680px) 100vw, 680px\" \/><\/p>\n<p>Ideada originalmente para enfrentar uma necessidade pessoal de comunica\u00e7\u00e3o, a plataforma digital Falando com Julis virou uma ferramenta de uso popular para muitas pessoas com dificuldades na fala, leitura e escritura.<br \/>\nEste projeto tecnol\u00f3gico, que nasceu no colo de uma fam\u00edlia colombiana para que uma de suas filhas pudesse se comunicar \u00e9 uma das propostas inovadoras que recebeu apoio econ\u00f4mico neste \u00faltimo ano do Fundo Regional para a Inova\u00e7\u00e3o Digital na Am\u00e9rica Latina e o Caribe (FRIDA).<br \/>\nFalando com Julis est\u00e1 pensada para pessoas com dificuldades na fala, s\u00edndrome de Down, autismo, paralise cerebral, em condi\u00e7\u00e3o de analfabetismo ou todos aqueles que por alguma doen\u00e7a perderam a capacidade de fala. <\/p>\n<p>Daniela Galindo Berm\u00fadez, irm\u00e3 de Julis e uma das impulsionadoras do projeto, contou para LACNIC News os aspectos mais importantes da iniciativa e a for\u00e7a que deu o apoio de FRIDA. <\/p>\n<p><strong>Como nasceu a ideia de desenvolver esta solu\u00e7\u00e3o? <\/strong><br \/>\nFalando com Julis nasceu a partir de uma necessidade pessoal. A minha irm\u00e3 Julis nasceu com uma defici\u00eancia que n\u00e3o lhe permite falar. Por muitos anos a nossa fam\u00edlia viveu frustrada porque n\u00e3o compreend\u00edamos o que ela queria dizer. Ainda pior, quando pens\u00e1vamos no seu futuro sent\u00edamos muita incerteza j\u00e1 que sem comunica\u00e7\u00e3o era quase imposs\u00edvel que ela pudesse trabalhar ou estudar.<br \/>\nEsse foi o motivo pelo qual decidimos criar uma tecnologia para que Juliana pudesse se comunicar (tanto na oralidade quanto na escritura e leitura) com qualquer pessoa e em qualquer lugar: isso \u00e9 o que hoje \u00e9 conhecido com o nome de Falando com Julis(FCJ).<br \/>\nFCJ permite que qualquer pessoa com defici\u00eancia ou estado de analfabetismo se comunique com o resto do mundo.<\/p>\n<p><strong>Quais os progressos alcan\u00e7ados gra\u00e7as ao apoio recebido do programa FRIDA?<\/strong><br \/>\nEstamos desenvolvendo a Vers\u00e3o 3.0 de Falando com Julis. Isso vai permitir que passemos de oferecer um produto para sistemas operacionais Windows, a um outro que poder\u00e1 ser usado em todos os dispositivos Windows, Android e IOS.<br \/>\nIntegraremos parte do modelo educacional no novo aplicativo para que a experi\u00eancia do usu\u00e1rio, comunica\u00e7\u00e3o e resultados sejam mais pr\u00e1ticos.<br \/>\nTamb\u00e9m vai permitir atingir mais pessoas no mundo nos idiomas ingl\u00eas e espanhol.<\/p>\n<p><strong>Como funciona esta solu\u00e7\u00e3o?<\/strong><br \/>\nFalando com Julis permite que qualquer pessoa possa falar, ler e escrever com outra pessoa sem problemas de entendimento.<br \/>\nNosso principal valor \u00e9 a linguagem universal: as imagens.<br \/>\nFalando com Julis agrupou todo o vocabul\u00e1rio que usamos no dia-a-dia em diferentes categorias como: pessoas, alimentos, sentimentos, tecnologia, esportes, entre outras. Em cada categoria, s\u00e3o mostradas todas as imagens correspondentes.<br \/>\nCada imagem\u00e9 acompanhada da palavra escrita, a voz e seu v\u00eddeo. Assim, quando uma imagem for escolhida, ser\u00e1 exibida no painel da conversa com sua palavra correspondente, e seu som ser\u00e1 ouvido para ser compreendido pelos outros.<br \/>\nFalando com Julis possibilita \u00e0s pessoas que n\u00e3o podem falar ou n\u00e3o sabem ler e escrever, comunicarem qualquer pensamento ou sentimento atrav\u00e9s de imagens que v\u00e3o acompanhadas de palavras e vozes. Tamb\u00e9m permite que as pessoas que n\u00e3o aprenderam a ler e escrever possam ler e escrever qualquer texto, mensagem ou e-mail, a partir do primeiro momento em que usam esta tecnologia. <\/p>\n<p><strong>Quantas pessoas j\u00e1 est\u00e3o usando esta tecnologia?<\/strong><br \/>\nHoje j\u00e1 h\u00e1 mais de 7.000 usu\u00e1rios na Am\u00e9rica Latina. <\/p>\n<p><strong>\u00c9 realizado algum acompanhamento do progresso de seus usu\u00e1rios?<\/strong><br \/>\nEstamos convencidos de que a maneira de mostrar resultados reais e gerar o impacto social que queremos \u00e9 atrav\u00e9s da combina\u00e7\u00e3o de tecnologia e pedagogia.<br \/>\nN\u00f3s projetamos um modelo de ensino que serve para qualquer pessoa com qualquer condi\u00e7\u00e3o e qualquer idade, de modo que com atividades, aconselhamento educacional e forma\u00e7\u00e3o, entre outros, a pessoa consiga cumprir os seus objetivos desde o in\u00edcio.<br \/>\nRecentemente, voc\u00eas ganharam um novo reconhecimento, o Pitch@Palace Global, estabelecido pelo Duque de York. Que oportunidades surgiram para voc\u00eas por ter obtido esse reconhecimento?<br \/>\nTer concorrido com importantes participantes a n\u00edvel global foi uma experi\u00eancia muito grande. N\u00f3s fomos um dos vencedores e esperamos que com isso pod\u00e1ssemos em pouco tempo abrir nosso mercado ao Reino Unido e conseguir fortes aliados para nosso projeto a n\u00edvel mundial.<br \/>\nEstamos trabalhando para dar in\u00edcio a essas negocia\u00e7\u00f5es, uma vez que lancemos a vers\u00e3o 3.0 de FCJ que est\u00e1 sendo desenvolvida gra\u00e7as ao apoio de FRIDA.<\/p>\n<p><strong>Quais s\u00e3o seus pr\u00f3ximos objetivos em rela\u00e7\u00e3o ao projeto?<\/strong><br \/>\nNossos objetivos principais s\u00e3o tr\u00eas:<br \/>\nLan\u00e7ar a vers\u00e3o software e app 3.0 FCJ para Android, IOS e Windows, em espanhol e ingl\u00eas.<br \/>\nPoder atingir os pa\u00edses de fala espanhola e inglesa com nossos servi\u00e7os tecnol\u00f3gicos e educacionais.<br \/>\nCriar novas alian\u00e7as com governos e\/ou organiza\u00e7\u00f5es que trabalhem nas \u00e1reas de educa\u00e7\u00e3o e tecnologia.<\/p>\n<p><strong>Como voc\u00ea pode resumir sua experi\u00eancia com FRIDA?<\/strong><br \/>\nFoi uma grande oportunidade para Falando com Julis. O apoio recebido para o desenvolvimento tecnol\u00f3gico e educacional, bem como o apoio dos mentores, foram muito importantes para crescer de forma mais precisa. Estamos ansiosos por lan\u00e7ar o nosso projeto completo nos pr\u00f3ximos meses.<\/p>\n","protected":false},"excerpt":{"rendered":"<p>Ideada originalmente para enfrentar uma necessidade pessoal de comunica\u00e7\u00e3o, a plataforma digital Falando com Julis virou uma ferramenta de uso popular para muitas pessoas com dificuldades na fala, leitura e escritura. Este projeto tecnol\u00f3gico, que nasceu no colo de uma fam\u00edlia colombiana para que uma de suas filhas pudesse se comunicar \u00e9 uma das propostas [&hellip;]<\/p>\n","protected":false},"author":6,"featured_media":6230,"comment_status":"closed","ping_status":"closed","sticky":false,"template":"","format":"standard","meta":{"_acf_changed":false,"_jetpack_memberships_contains_paid_content":false,"footnotes":"","jetpack_publicize_message":"","jetpack_publicize_feature_enabled":true,"jetpack_social_post_already_shared":false,"jetpack_social_options":{"image_generator_settings":{"template":"highway","default_image_id":0,"font":"","enabled":false},"version":2}},"categories":[362],"tags":[],"archivo":[],"taxonomy-authors":[],"tipo_autor":[],"class_list":["post-6282","post","type-post","status-publish","format-standard","has-post-thumbnail","hentry","category-2017octpt"],"acf":{"author":"","related_notes":null},"yoast_head":"<!-- This site is optimized with the Yoast SEO plugin v27.0 - https:\/\/yoast.com\/product\/yoast-seo-wordpress\/ -->\n<title>LACNIC Blog | Os irm\u00e3os sejam unidos<\/title>\n<meta name=\"robots\" content=\"index, follow, max-snippet:-1, max-image-preview:large, max-video-preview:-1\" \/>\n<link rel=\"canonical\" href=\"https:\/\/blog.lacnic.net\/pt-br\/os-irmaos-sejam-unidos\/\" \/>\n<meta property=\"og:locale\" content=\"pt_BR\" \/>\n<meta property=\"og:type\" content=\"article\" \/>\n<meta property=\"og:title\" content=\"LACNIC Blog | Os irm\u00e3os sejam unidos\" \/>\n<meta property=\"og:description\" content=\"Ideada originalmente para enfrentar uma necessidade pessoal de comunica\u00e7\u00e3o, a plataforma digital Falando com Julis virou uma ferramenta de uso popular para muitas pessoas com dificuldades na fala, leitura e escritura. Este projeto tecnol\u00f3gico, que nasceu no colo de uma fam\u00edlia colombiana para que uma de suas filhas pudesse se comunicar \u00e9 uma das propostas [&hellip;]\" \/>\n<meta property=\"og:url\" content=\"https:\/\/blog.lacnic.net\/pt-br\/os-irmaos-sejam-unidos\/\" \/>\n<meta property=\"og:site_name\" content=\"LACNIC Blog\" \/>\n<meta property=\"article:publisher\" content=\"https:\/\/facebook.com\/lacnic\" \/>\n<meta property=\"article:published_time\" content=\"2017-01-31T19:36:43+00:00\" \/>\n<meta property=\"og:image\" content=\"https:\/\/blog.lacnic.net\/wp-content\/uploads\/2017\/01\/frida1.png\" \/>\n\t<meta property=\"og:image:width\" content=\"200\" \/>\n\t<meta property=\"og:image:height\" content=\"155\" \/>\n\t<meta property=\"og:image:type\" content=\"image\/png\" \/>\n<meta name=\"author\" content=\"Gianni\" \/>\n<meta name=\"twitter:card\" content=\"summary_large_image\" \/>\n<meta name=\"twitter:creator\" content=\"@lacnic\" \/>\n<meta name=\"twitter:site\" content=\"@lacnic\" \/>\n<script type=\"application\/ld+json\" class=\"yoast-schema-graph\">{\"@context\":\"https:\/\/schema.org\",\"@graph\":[{\"@type\":\"Article\",\"@id\":\"https:\/\/blog.lacnic.net\/pt-br\/os-irmaos-sejam-unidos\/#article\",\"isPartOf\":{\"@id\":\"https:\/\/blog.lacnic.net\/pt-br\/os-irmaos-sejam-unidos\/\"},\"author\":{\"name\":\"Gianni\",\"@id\":\"https:\/\/blog.lacnic.net\/#\/schema\/person\/1338d9cfdb0137e8bc5581f3771f39ab\"},\"headline\":\"Os irm\u00e3os sejam unidos\",\"datePublished\":\"2017-01-31T19:36:43+00:00\",\"mainEntityOfPage\":{\"@id\":\"https:\/\/blog.lacnic.net\/pt-br\/os-irmaos-sejam-unidos\/\"},\"wordCount\":889,\"publisher\":{\"@id\":\"https:\/\/blog.lacnic.net\/#organization\"},\"image\":{\"@id\":\"https:\/\/blog.lacnic.net\/pt-br\/os-irmaos-sejam-unidos\/#primaryimage\"},\"thumbnailUrl\":\"https:\/\/blog.lacnic.net\/wp-content\/uploads\/2017\/01\/frida1.png\",\"articleSection\":[\"2017octpt\"],\"inLanguage\":\"pt-BR\"},{\"@type\":\"WebPage\",\"@id\":\"https:\/\/blog.lacnic.net\/pt-br\/os-irmaos-sejam-unidos\/\",\"url\":\"https:\/\/blog.lacnic.net\/pt-br\/os-irmaos-sejam-unidos\/\",\"name\":\"LACNIC Blog | Os irm\u00e3os sejam unidos\",\"isPartOf\":{\"@id\":\"https:\/\/blog.lacnic.net\/#website\"},\"primaryImageOfPage\":{\"@id\":\"https:\/\/blog.lacnic.net\/pt-br\/os-irmaos-sejam-unidos\/#primaryimage\"},\"image\":{\"@id\":\"https:\/\/blog.lacnic.net\/pt-br\/os-irmaos-sejam-unidos\/#primaryimage\"},\"thumbnailUrl\":\"https:\/\/blog.lacnic.net\/wp-content\/uploads\/2017\/01\/frida1.png\",\"datePublished\":\"2017-01-31T19:36:43+00:00\",\"breadcrumb\":{\"@id\":\"https:\/\/blog.lacnic.net\/pt-br\/os-irmaos-sejam-unidos\/#breadcrumb\"},\"inLanguage\":\"pt-BR\",\"potentialAction\":[{\"@type\":\"ReadAction\",\"target\":[\"https:\/\/blog.lacnic.net\/pt-br\/os-irmaos-sejam-unidos\/\"]}]},{\"@type\":\"ImageObject\",\"inLanguage\":\"pt-BR\",\"@id\":\"https:\/\/blog.lacnic.net\/pt-br\/os-irmaos-sejam-unidos\/#primaryimage\",\"url\":\"https:\/\/blog.lacnic.net\/wp-content\/uploads\/2017\/01\/frida1.png\",\"contentUrl\":\"https:\/\/blog.lacnic.net\/wp-content\/uploads\/2017\/01\/frida1.png\",\"width\":200,\"height\":155},{\"@type\":\"BreadcrumbList\",\"@id\":\"https:\/\/blog.lacnic.net\/pt-br\/os-irmaos-sejam-unidos\/#breadcrumb\",\"itemListElement\":[{\"@type\":\"ListItem\",\"position\":1,\"name\":\"Portada\",\"item\":\"https:\/\/blog.lacnic.net\/pt-br\/\"},{\"@type\":\"ListItem\",\"position\":2,\"name\":\"Os irm\u00e3os sejam unidos\"}]},{\"@type\":\"WebSite\",\"@id\":\"https:\/\/blog.lacnic.net\/#website\",\"url\":\"https:\/\/blog.lacnic.net\/\",\"name\":\"LACNIC Blog\",\"description\":\"LACNIC Internet Community Newsletter\",\"publisher\":{\"@id\":\"https:\/\/blog.lacnic.net\/#organization\"},\"potentialAction\":[{\"@type\":\"SearchAction\",\"target\":{\"@type\":\"EntryPoint\",\"urlTemplate\":\"https:\/\/blog.lacnic.net\/?s={search_term_string}\"},\"query-input\":{\"@type\":\"PropertyValueSpecification\",\"valueRequired\":true,\"valueName\":\"search_term_string\"}}],\"inLanguage\":\"pt-BR\"},{\"@type\":\"Organization\",\"@id\":\"https:\/\/blog.lacnic.net\/#organization\",\"name\":\"LACNIC Blog\",\"url\":\"https:\/\/blog.lacnic.net\/\",\"logo\":{\"@type\":\"ImageObject\",\"inLanguage\":\"pt-BR\",\"@id\":\"https:\/\/blog.lacnic.net\/#\/schema\/logo\/image\/\",\"url\":\"https:\/\/blog.lacnic.net\/wp-content\/uploads\/2023\/03\/lacnic-blog.svg\",\"contentUrl\":\"https:\/\/blog.lacnic.net\/wp-content\/uploads\/2023\/03\/lacnic-blog.svg\",\"caption\":\"LACNIC Blog\"},\"image\":{\"@id\":\"https:\/\/blog.lacnic.net\/#\/schema\/logo\/image\/\"},\"sameAs\":[\"https:\/\/facebook.com\/lacnic\",\"https:\/\/x.com\/lacnic\",\"https:\/\/www.instagram.com\/lacnic\/?hl=es-la\",\"https:\/\/uy.linkedin.com\/company\/lacnic\",\"https:\/\/www.youtube.com\/user\/lacnicstaff\",\"https:\/\/www.lacnic.net\/podcast\"]},{\"@type\":\"Person\",\"@id\":\"https:\/\/blog.lacnic.net\/#\/schema\/person\/1338d9cfdb0137e8bc5581f3771f39ab\",\"name\":\"Gianni\",\"url\":\"https:\/\/blog.lacnic.net\/pt-br\/author\/gianni\/\"}]}<\/script>\n<!-- \/ Yoast SEO plugin. -->","yoast_head_json":{"title":"LACNIC Blog | Os irm\u00e3os sejam unidos","robots":{"index":"index","follow":"follow","max-snippet":"max-snippet:-1","max-image-preview":"max-image-preview:large","max-video-preview":"max-video-preview:-1"},"canonical":"https:\/\/blog.lacnic.net\/pt-br\/os-irmaos-sejam-unidos\/","og_locale":"pt_BR","og_type":"article","og_title":"LACNIC Blog | Os irm\u00e3os sejam unidos","og_description":"Ideada originalmente para enfrentar uma necessidade pessoal de comunica\u00e7\u00e3o, a plataforma digital Falando com Julis virou uma ferramenta de uso popular para muitas pessoas com dificuldades na fala, leitura e escritura. Este projeto tecnol\u00f3gico, que nasceu no colo de uma fam\u00edlia colombiana para que uma de suas filhas pudesse se comunicar \u00e9 uma das propostas [&hellip;]","og_url":"https:\/\/blog.lacnic.net\/pt-br\/os-irmaos-sejam-unidos\/","og_site_name":"LACNIC Blog","article_publisher":"https:\/\/facebook.com\/lacnic","article_published_time":"2017-01-31T19:36:43+00:00","og_image":[{"width":200,"height":155,"url":"https:\/\/blog.lacnic.net\/wp-content\/uploads\/2017\/01\/frida1.png","type":"image\/png"}],"author":"Gianni","twitter_card":"summary_large_image","twitter_creator":"@lacnic","twitter_site":"@lacnic","schema":{"@context":"https:\/\/schema.org","@graph":[{"@type":"Article","@id":"https:\/\/blog.lacnic.net\/pt-br\/os-irmaos-sejam-unidos\/#article","isPartOf":{"@id":"https:\/\/blog.lacnic.net\/pt-br\/os-irmaos-sejam-unidos\/"},"author":{"name":"Gianni","@id":"https:\/\/blog.lacnic.net\/#\/schema\/person\/1338d9cfdb0137e8bc5581f3771f39ab"},"headline":"Os irm\u00e3os sejam unidos","datePublished":"2017-01-31T19:36:43+00:00","mainEntityOfPage":{"@id":"https:\/\/blog.lacnic.net\/pt-br\/os-irmaos-sejam-unidos\/"},"wordCount":889,"publisher":{"@id":"https:\/\/blog.lacnic.net\/#organization"},"image":{"@id":"https:\/\/blog.lacnic.net\/pt-br\/os-irmaos-sejam-unidos\/#primaryimage"},"thumbnailUrl":"https:\/\/blog.lacnic.net\/wp-content\/uploads\/2017\/01\/frida1.png","articleSection":["2017octpt"],"inLanguage":"pt-BR"},{"@type":"WebPage","@id":"https:\/\/blog.lacnic.net\/pt-br\/os-irmaos-sejam-unidos\/","url":"https:\/\/blog.lacnic.net\/pt-br\/os-irmaos-sejam-unidos\/","name":"LACNIC Blog | Os irm\u00e3os sejam unidos","isPartOf":{"@id":"https:\/\/blog.lacnic.net\/#website"},"primaryImageOfPage":{"@id":"https:\/\/blog.lacnic.net\/pt-br\/os-irmaos-sejam-unidos\/#primaryimage"},"image":{"@id":"https:\/\/blog.lacnic.net\/pt-br\/os-irmaos-sejam-unidos\/#primaryimage"},"thumbnailUrl":"https:\/\/blog.lacnic.net\/wp-content\/uploads\/2017\/01\/frida1.png","datePublished":"2017-01-31T19:36:43+00:00","breadcrumb":{"@id":"https:\/\/blog.lacnic.net\/pt-br\/os-irmaos-sejam-unidos\/#breadcrumb"},"inLanguage":"pt-BR","potentialAction":[{"@type":"ReadAction","target":["https:\/\/blog.lacnic.net\/pt-br\/os-irmaos-sejam-unidos\/"]}]},{"@type":"ImageObject","inLanguage":"pt-BR","@id":"https:\/\/blog.lacnic.net\/pt-br\/os-irmaos-sejam-unidos\/#primaryimage","url":"https:\/\/blog.lacnic.net\/wp-content\/uploads\/2017\/01\/frida1.png","contentUrl":"https:\/\/blog.lacnic.net\/wp-content\/uploads\/2017\/01\/frida1.png","width":200,"height":155},{"@type":"BreadcrumbList","@id":"https:\/\/blog.lacnic.net\/pt-br\/os-irmaos-sejam-unidos\/#breadcrumb","itemListElement":[{"@type":"ListItem","position":1,"name":"Portada","item":"https:\/\/blog.lacnic.net\/pt-br\/"},{"@type":"ListItem","position":2,"name":"Os irm\u00e3os sejam unidos"}]},{"@type":"WebSite","@id":"https:\/\/blog.lacnic.net\/#website","url":"https:\/\/blog.lacnic.net\/","name":"LACNIC Blog","description":"LACNIC Internet Community Newsletter","publisher":{"@id":"https:\/\/blog.lacnic.net\/#organization"},"potentialAction":[{"@type":"SearchAction","target":{"@type":"EntryPoint","urlTemplate":"https:\/\/blog.lacnic.net\/?s={search_term_string}"},"query-input":{"@type":"PropertyValueSpecification","valueRequired":true,"valueName":"search_term_string"}}],"inLanguage":"pt-BR"},{"@type":"Organization","@id":"https:\/\/blog.lacnic.net\/#organization","name":"LACNIC Blog","url":"https:\/\/blog.lacnic.net\/","logo":{"@type":"ImageObject","inLanguage":"pt-BR","@id":"https:\/\/blog.lacnic.net\/#\/schema\/logo\/image\/","url":"https:\/\/blog.lacnic.net\/wp-content\/uploads\/2023\/03\/lacnic-blog.svg","contentUrl":"https:\/\/blog.lacnic.net\/wp-content\/uploads\/2023\/03\/lacnic-blog.svg","caption":"LACNIC Blog"},"image":{"@id":"https:\/\/blog.lacnic.net\/#\/schema\/logo\/image\/"},"sameAs":["https:\/\/facebook.com\/lacnic","https:\/\/x.com\/lacnic","https:\/\/www.instagram.com\/lacnic\/?hl=es-la","https:\/\/uy.linkedin.com\/company\/lacnic","https:\/\/www.youtube.com\/user\/lacnicstaff","https:\/\/www.lacnic.net\/podcast"]},{"@type":"Person","@id":"https:\/\/blog.lacnic.net\/#\/schema\/person\/1338d9cfdb0137e8bc5581f3771f39ab","name":"Gianni","url":"https:\/\/blog.lacnic.net\/pt-br\/author\/gianni\/"}]}},"jetpack_publicize_connections":[],"jetpack_featured_media_url":"https:\/\/blog.lacnic.net\/wp-content\/uploads\/2017\/01\/frida1.png","jetpack_sharing_enabled":true,"wpml_current_locale":"pt_BR","wpml_translations":[{"locale":"en_US","id":6271,"post_title":"Help for a sister","slug":"help-for-a-sister","href":"https:\/\/blog.lacnic.net\/en\/help-for-a-sister\/"}],"_links":{"self":[{"href":"https:\/\/blog.lacnic.net\/pt-br\/wp-json\/wp\/v2\/posts\/6282","targetHints":{"allow":["GET"]}}],"collection":[{"href":"https:\/\/blog.lacnic.net\/pt-br\/wp-json\/wp\/v2\/posts"}],"about":[{"href":"https:\/\/blog.lacnic.net\/pt-br\/wp-json\/wp\/v2\/types\/post"}],"author":[{"embeddable":true,"href":"https:\/\/blog.lacnic.net\/pt-br\/wp-json\/wp\/v2\/users\/6"}],"replies":[{"embeddable":true,"href":"https:\/\/blog.lacnic.net\/pt-br\/wp-json\/wp\/v2\/comments?post=6282"}],"version-history":[{"count":2,"href":"https:\/\/blog.lacnic.net\/pt-br\/wp-json\/wp\/v2\/posts\/6282\/revisions"}],"predecessor-version":[{"id":6297,"href":"https:\/\/blog.lacnic.net\/pt-br\/wp-json\/wp\/v2\/posts\/6282\/revisions\/6297"}],"wp:featuredmedia":[{"embeddable":true,"href":"https:\/\/blog.lacnic.net\/pt-br\/wp-json\/wp\/v2\/media\/6230"}],"wp:attachment":[{"href":"https:\/\/blog.lacnic.net\/pt-br\/wp-json\/wp\/v2\/media?parent=6282"}],"wp:term":[{"taxonomy":"category","embeddable":true,"href":"https:\/\/blog.lacnic.net\/pt-br\/wp-json\/wp\/v2\/categories?post=6282"},{"taxonomy":"post_tag","embeddable":true,"href":"https:\/\/blog.lacnic.net\/pt-br\/wp-json\/wp\/v2\/tags?post=6282"},{"taxonomy":"archivo","embeddable":true,"href":"https:\/\/blog.lacnic.net\/pt-br\/wp-json\/wp\/v2\/archivo?post=6282"},{"taxonomy":"taxonomy-authors","embeddable":true,"href":"https:\/\/blog.lacnic.net\/pt-br\/wp-json\/wp\/v2\/taxonomy-authors?post=6282"},{"taxonomy":"tipo_autor","embeddable":true,"href":"https:\/\/blog.lacnic.net\/pt-br\/wp-json\/wp\/v2\/tipo_autor?post=6282"}],"curies":[{"name":"wp","href":"https:\/\/api.w.org\/{rel}","templated":true}]}}