{"id":600,"date":"2011-06-29T15:11:17","date_gmt":"2011-06-29T15:11:17","guid":{"rendered":"http:\/\/prensa.lacnic.net\/news\/8-edicao-junho-2011\/o-mexico-foi-novamente-sede-da-internet"},"modified":"2019-12-06T19:13:15","modified_gmt":"2019-12-06T19:13:15","slug":"o-mexico-foi-novamente-sede-da-internet","status":"publish","type":"post","link":"https:\/\/blog.lacnic.net\/pt-br\/o-mexico-foi-novamente-sede-da-internet\/","title":{"rendered":"O M\u00e9xico foi novamente sede da Internet"},"content":{"rendered":"<div id=\"attachment_617\" style=\"width: 490px\" class=\"wp-caption alignnone\"><img decoding=\"async\" aria-describedby=\"caption-attachment-617\" class=\"size-full wp-image-617\" title=\"O M\u00e9xico foi novamente sede da Internet\" src=\"http:\/\/prensa.lacnic.net\/news\/wp-content\/uploads\/2011\/06\/lacnicxv.png\" alt=\"O M\u00e9xico foi novamente sede da Internet\" width=\"480\" height=\"240\" srcset=\"https:\/\/blog.lacnic.net\/wp-content\/uploads\/2011\/06\/lacnicxv.png 480w, https:\/\/blog.lacnic.net\/wp-content\/uploads\/2011\/06\/lacnicxv-300x150.png 300w\" sizes=\"(max-width: 480px) 100vw, 480px\" \/><p id=\"caption-attachment-617\" class=\"wp-caption-text\">O M\u00e9xico foi novamente sede da Internet<\/p><\/div>\n<p>Uma nova edi\u00e7\u00e3o da reuni\u00e3o anual da comunidade regional da Internet, LACNIC XV, foi realizada em Cancun, M\u00e9xico, de 15 a 20 de maio de 2011.<\/p>\n<p>Nove anos e doze reuni\u00f5es tiveram que acontecer para que o LACNIC voltasse para o M\u00e9xico.&nbsp; Assim foi que oito anos depois, o LACNIC voltou a se reunir no M\u00e9xico da m\u00e3o do NIC.mx.<\/p>\n<p>O contraste \u00e9 grande: oito anos atr\u00e1s,&nbsp; LACNIC III foi a reuni\u00e3o de uma organiza\u00e7\u00e3o que estava dando seus primeiros passos. Ainda assim, oitenta pessoas participaram nas discuss\u00f5es e ajudaram a moldar a realidade da Internet de hoje. Naquela \u00e9poca, a organiza\u00e7\u00e3o tinha pouco menos de 120 membros, enquanto hoje s\u00e3o 1680 organiza\u00e7\u00f5es que a conformam.<\/p>\n<p>LACNIC XV \u00e9 o resultado de um \u00fanico processo decorrente das reuni\u00f5es realizadas em onze pa\u00edses diferentes, integrando de forma progressiva&nbsp; suas comunidades ao processo de desenvolvimento regional. A realidade de hoje mostra uma organiza\u00e7\u00e3o consolidada e focada em atender as necessidades de uma regi\u00e3o diversificada como \u00e9 a Am\u00e9rica Latina e o Caribe.<\/p>\n<p>N\u00e3o mais 80, agora s\u00e3o 300 as pessoas que se re\u00fanem. N\u00e3o s\u00e3o dois mas 6 os dias de trabalho necess\u00e1rios para que os participantes contribuam com apresenta\u00e7\u00f5es, discuss\u00f5es e pain\u00e9is sobre aspectos t\u00e9cnicos e pol\u00edticos fundamentais para o desenvolvimento da Internet regional.<\/p>\n<p>\u00c9 a comunidade, no exerc\u00edcio pleno de seus direitos, que conforma a organiza\u00e7\u00e3o e constr\u00f3i o caminho a seguir.<\/p>\n<p>LACNIC III e LACNIC XV s\u00e3o dois marcos da mesma hist\u00f3ria.<\/p>\n<h3>Fatos a salientar de LACNIC XV:<\/h3>\n<ul>\n<li><strong>Sete (7) pol\u00edticas foram apresentadas e debatidas pela comunidade no F\u00f3rum P\u00fablico de Pol\u00edticas (FPP) de Cancun<\/strong>. Tr\u00eas delas atingiram consenso seguindo o processo at\u00e9 sua implementa\u00e7\u00e3o, enquanto as quatro restantes n\u00e3o conseguiram consenso pelo que voltam ao F\u00f3rum para uma maior discuss\u00e3o e elabora\u00e7\u00e3o e, eventualmente, ser apresentadas na seguinte reuni\u00e3o.<\/li>\n<li><strong>Nova organiza\u00e7\u00e3o regional: LAC-IX<br \/>\n<\/strong>Operadores de Pontos de Troca de Tr\u00e1fego (IXP) da regi\u00e3o se reuniram e assinaram a cria\u00e7\u00e3o de uma nova organiza\u00e7\u00e3o que os aglutine. LAC-IX \u00e9 uma associa\u00e7\u00e3o sem fins lucrativos que tem como objetivo a troca de informa\u00e7\u00e3o e a promo\u00e7\u00e3o de novos pontos de troca de tr\u00e1fego na regi\u00e3o.<\/li>\n<li><strong>Certifica\u00e7\u00e3o de Recursos \u2013 RPKI.<\/strong><br \/>\nDurante o evento foi atingido um avan\u00e7o incr\u00edvel em rela\u00e7\u00e3o com o desdobramento do programa de certifica\u00e7\u00e3o de recursos da Internet na regi\u00e3o. Tanto no tutorial quanto nas diferentes sess\u00f5es e apresenta\u00e7\u00f5es realizadas, permitiram que o LACNIC fosse o segundo registro (RIR) em quantidade de rotas certificadas.<br \/>\nPara mais informa\u00e7\u00f5es: <a title=\"Avances sustantivos en la certificaci\u00f3n de recursos de Internet\" href=\"..\/2011-03\/avances-sustantivos-en-la-certificacion-de-recursos-de-internet\">Avances sustantivos en la certificaci\u00f3n de recursos de Internet<\/a><\/li>\n<li><strong>Projeto +Ra\u00edzes<br \/>\n<\/strong>LACNIC e Internet System Consortium (ISC), a organiza\u00e7\u00e3o respons\u00e1vel pela administra\u00e7\u00e3o do servidor raiz \u2018F\u2019, assinaram um novo acordo para o desdobramento de tr\u00eas c\u00f3pias na regi\u00e3o, o que vai permitir chegar ao desdobramento de dez c\u00f3pias na regi\u00e3o sob esse programa que o LACNIC vem executando desde 2004.<\/li>\n<li><strong>Programa de Bolsas<\/strong><br \/>\nO programa de bolsas foi criado em resposta \u00e0s necessidades de membros e comunidade como ajuda para participar nos eventos do LACNIC. Nesta oportunidade 75 pessoas (52 associados) receberam apoio parcial ou total para participar, sendo que para muitos foi a primeira vez que participaram de uma inst\u00e2ncia dessas caracter\u00edsticas.<\/li>\n<li><strong>Elei\u00e7\u00f5es no LACNIC<\/strong><br \/>\nComiss\u00e3o Fiscal: Gabriel Adonaylo da Argentina foi eleito para ocupar o cargo por tr\u00eas anos, enquanto Guillermo Cicileo para ocup\u00e1-lo por um ano.<br \/>\nComiss\u00e3o Eleitoral: Alejandro Acosta da Venezuela foi eleito como integrante por um prazo de tr\u00eas anos.<br \/>\nDo outro lado, Nicol\u00e1s Antoniello foi eleito para um novo per\u00edodo de dois anos como Moderador do F\u00f3rum de Pol\u00edticas, enquanto Alejandro Acosta foi eleito como Moderador do F\u00f3rum Latino-americano do IPv6 (FLIP6).<br \/>\nA Assembl\u00e9ia de Associados do LACNIC elegeu Alejandro Guzm\u00e1n da Col\u00f4mbia, como um dos tr\u00eas delegados perante o ASO da ICANN.<\/li>\n<\/ul>\n<p>Pode acessar o relat\u00f3rio detalhado do evento em:<br \/>\n<a href=\"http:\/\/www.lacnic.net\/sp\/eventos\/lacnicxv\/\">http:\/\/www.lacnic.net\/sp\/eventos\/lacnicxv\/<\/a><\/p>\n<p>Uma men\u00e7\u00e3o especial para todos os que t\u00eam feito poss\u00edvel esse evento, principalmente ao NIC M\u00e9xico, anfitri\u00e3o do evento, bem como a todos os patrocinadores da reuni\u00e3o:<\/p>\n<p>Nic.br\/CGI.br, Antel Uruguai, ISOC, Micronet, Google, Sedo, Afilias, Nic Chile, Internexa, Cablemas e Telmex.<\/p>\n","protected":false},"excerpt":{"rendered":"<p>Uma nova edi\u00e7\u00e3o da reuni\u00e3o anual da comunidade regional da Internet, LACNIC XV, foi realizada em Cancun, M\u00e9xico, de 15 a 20 de maio de 2011. Nove anos e doze reuni\u00f5es tiveram que acontecer para que o LACNIC voltasse para o M\u00e9xico.&nbsp; Assim foi que oito anos depois, o LACNIC voltou a se reunir no [&hellip;]<\/p>\n","protected":false},"author":2,"featured_media":0,"comment_status":"open","ping_status":"open","sticky":false,"template":"","format":"standard","meta":{"_acf_changed":false,"_jetpack_memberships_contains_paid_content":false,"footnotes":"","jetpack_publicize_message":"","jetpack_publicize_feature_enabled":true,"jetpack_social_post_already_shared":false,"jetpack_social_options":{"image_generator_settings":{"template":"highway","default_image_id":0,"font":"","enabled":false},"version":2}},"categories":[651],"tags":[],"archivo":[563,1346],"taxonomy-authors":[],"tipo_autor":[],"class_list":["post-600","post","type-post","status-publish","format-standard","hentry","category-sin-categoria-pt-br","archivo-edicao-julho-2011","archivo-edicoes-anteriores"],"acf":{"author":"","related_notes":null},"yoast_head":"<!-- This site is optimized with the Yoast SEO plugin v27.0 - https:\/\/yoast.com\/product\/yoast-seo-wordpress\/ -->\n<title>LACNIC Blog | O M\u00e9xico foi novamente sede da Internet<\/title>\n<meta name=\"robots\" content=\"index, follow, max-snippet:-1, max-image-preview:large, max-video-preview:-1\" \/>\n<link rel=\"canonical\" href=\"https:\/\/blog.lacnic.net\/pt-br\/o-mexico-foi-novamente-sede-da-internet\/\" \/>\n<meta property=\"og:locale\" content=\"pt_BR\" \/>\n<meta property=\"og:type\" content=\"article\" \/>\n<meta property=\"og:title\" content=\"LACNIC Blog | O M\u00e9xico foi novamente sede da Internet\" \/>\n<meta property=\"og:description\" content=\"Uma nova edi\u00e7\u00e3o da reuni\u00e3o anual da comunidade regional da Internet, LACNIC XV, foi realizada em Cancun, M\u00e9xico, de 15 a 20 de maio de 2011. Nove anos e doze reuni\u00f5es tiveram que acontecer para que o LACNIC voltasse para o M\u00e9xico.&nbsp; Assim foi que oito anos depois, o LACNIC voltou a se reunir no [&hellip;]\" \/>\n<meta property=\"og:url\" content=\"https:\/\/blog.lacnic.net\/pt-br\/o-mexico-foi-novamente-sede-da-internet\/\" \/>\n<meta property=\"og:site_name\" content=\"LACNIC Blog\" \/>\n<meta property=\"article:publisher\" content=\"https:\/\/facebook.com\/lacnic\" \/>\n<meta property=\"article:published_time\" content=\"2011-06-29T15:11:17+00:00\" \/>\n<meta property=\"article:modified_time\" content=\"2019-12-06T19:13:15+00:00\" \/>\n<meta property=\"og:image\" content=\"http:\/\/prensa.lacnic.net\/news\/wp-content\/uploads\/2011\/06\/lacnicxv.png\" \/>\n<meta name=\"author\" content=\"Mart\u00edn\" \/>\n<meta name=\"twitter:card\" content=\"summary_large_image\" \/>\n<meta name=\"twitter:creator\" content=\"@lacnic\" \/>\n<meta name=\"twitter:site\" content=\"@lacnic\" \/>\n<script type=\"application\/ld+json\" class=\"yoast-schema-graph\">{\"@context\":\"https:\/\/schema.org\",\"@graph\":[{\"@type\":\"Article\",\"@id\":\"https:\/\/blog.lacnic.net\/pt-br\/o-mexico-foi-novamente-sede-da-internet\/#article\",\"isPartOf\":{\"@id\":\"https:\/\/blog.lacnic.net\/pt-br\/o-mexico-foi-novamente-sede-da-internet\/\"},\"author\":{\"name\":\"Mart\u00edn\",\"@id\":\"https:\/\/blog.lacnic.net\/#\/schema\/person\/3f3117e292d71f4166f765368b0760dc\"},\"headline\":\"O M\u00e9xico foi novamente sede da Internet\",\"datePublished\":\"2011-06-29T15:11:17+00:00\",\"dateModified\":\"2019-12-06T19:13:15+00:00\",\"mainEntityOfPage\":{\"@id\":\"https:\/\/blog.lacnic.net\/pt-br\/o-mexico-foi-novamente-sede-da-internet\/\"},\"wordCount\":786,\"commentCount\":1,\"publisher\":{\"@id\":\"https:\/\/blog.lacnic.net\/#organization\"},\"image\":{\"@id\":\"https:\/\/blog.lacnic.net\/pt-br\/o-mexico-foi-novamente-sede-da-internet\/#primaryimage\"},\"thumbnailUrl\":\"http:\/\/prensa.lacnic.net\/news\/wp-content\/uploads\/2011\/06\/lacnicxv.png\",\"articleSection\":[\"sin categoria\"],\"inLanguage\":\"pt-BR\",\"potentialAction\":[{\"@type\":\"CommentAction\",\"name\":\"Comment\",\"target\":[\"https:\/\/blog.lacnic.net\/pt-br\/o-mexico-foi-novamente-sede-da-internet\/#respond\"]}]},{\"@type\":\"WebPage\",\"@id\":\"https:\/\/blog.lacnic.net\/pt-br\/o-mexico-foi-novamente-sede-da-internet\/\",\"url\":\"https:\/\/blog.lacnic.net\/pt-br\/o-mexico-foi-novamente-sede-da-internet\/\",\"name\":\"LACNIC Blog | O M\u00e9xico foi novamente sede da Internet\",\"isPartOf\":{\"@id\":\"https:\/\/blog.lacnic.net\/#website\"},\"primaryImageOfPage\":{\"@id\":\"https:\/\/blog.lacnic.net\/pt-br\/o-mexico-foi-novamente-sede-da-internet\/#primaryimage\"},\"image\":{\"@id\":\"https:\/\/blog.lacnic.net\/pt-br\/o-mexico-foi-novamente-sede-da-internet\/#primaryimage\"},\"thumbnailUrl\":\"http:\/\/prensa.lacnic.net\/news\/wp-content\/uploads\/2011\/06\/lacnicxv.png\",\"datePublished\":\"2011-06-29T15:11:17+00:00\",\"dateModified\":\"2019-12-06T19:13:15+00:00\",\"breadcrumb\":{\"@id\":\"https:\/\/blog.lacnic.net\/pt-br\/o-mexico-foi-novamente-sede-da-internet\/#breadcrumb\"},\"inLanguage\":\"pt-BR\",\"potentialAction\":[{\"@type\":\"ReadAction\",\"target\":[\"https:\/\/blog.lacnic.net\/pt-br\/o-mexico-foi-novamente-sede-da-internet\/\"]}]},{\"@type\":\"ImageObject\",\"inLanguage\":\"pt-BR\",\"@id\":\"https:\/\/blog.lacnic.net\/pt-br\/o-mexico-foi-novamente-sede-da-internet\/#primaryimage\",\"url\":\"http:\/\/prensa.lacnic.net\/news\/wp-content\/uploads\/2011\/06\/lacnicxv.png\",\"contentUrl\":\"http:\/\/prensa.lacnic.net\/news\/wp-content\/uploads\/2011\/06\/lacnicxv.png\"},{\"@type\":\"BreadcrumbList\",\"@id\":\"https:\/\/blog.lacnic.net\/pt-br\/o-mexico-foi-novamente-sede-da-internet\/#breadcrumb\",\"itemListElement\":[{\"@type\":\"ListItem\",\"position\":1,\"name\":\"Portada\",\"item\":\"https:\/\/blog.lacnic.net\/pt-br\/\"},{\"@type\":\"ListItem\",\"position\":2,\"name\":\"O M\u00e9xico foi novamente sede da Internet\"}]},{\"@type\":\"WebSite\",\"@id\":\"https:\/\/blog.lacnic.net\/#website\",\"url\":\"https:\/\/blog.lacnic.net\/\",\"name\":\"LACNIC Blog\",\"description\":\"LACNIC Internet Community Newsletter\",\"publisher\":{\"@id\":\"https:\/\/blog.lacnic.net\/#organization\"},\"potentialAction\":[{\"@type\":\"SearchAction\",\"target\":{\"@type\":\"EntryPoint\",\"urlTemplate\":\"https:\/\/blog.lacnic.net\/?s={search_term_string}\"},\"query-input\":{\"@type\":\"PropertyValueSpecification\",\"valueRequired\":true,\"valueName\":\"search_term_string\"}}],\"inLanguage\":\"pt-BR\"},{\"@type\":\"Organization\",\"@id\":\"https:\/\/blog.lacnic.net\/#organization\",\"name\":\"LACNIC Blog\",\"url\":\"https:\/\/blog.lacnic.net\/\",\"logo\":{\"@type\":\"ImageObject\",\"inLanguage\":\"pt-BR\",\"@id\":\"https:\/\/blog.lacnic.net\/#\/schema\/logo\/image\/\",\"url\":\"https:\/\/blog.lacnic.net\/wp-content\/uploads\/2023\/03\/lacnic-blog.svg\",\"contentUrl\":\"https:\/\/blog.lacnic.net\/wp-content\/uploads\/2023\/03\/lacnic-blog.svg\",\"caption\":\"LACNIC Blog\"},\"image\":{\"@id\":\"https:\/\/blog.lacnic.net\/#\/schema\/logo\/image\/\"},\"sameAs\":[\"https:\/\/facebook.com\/lacnic\",\"https:\/\/x.com\/lacnic\",\"https:\/\/www.instagram.com\/lacnic\/?hl=es-la\",\"https:\/\/uy.linkedin.com\/company\/lacnic\",\"https:\/\/www.youtube.com\/user\/lacnicstaff\",\"https:\/\/www.lacnic.net\/podcast\"]},{\"@type\":\"Person\",\"@id\":\"https:\/\/blog.lacnic.net\/#\/schema\/person\/3f3117e292d71f4166f765368b0760dc\",\"name\":\"Mart\u00edn\",\"description\":\"Especialista en imagen institucional\",\"url\":\"https:\/\/blog.lacnic.net\/pt-br\/author\/sysmartin\/\"}]}<\/script>\n<!-- \/ Yoast SEO plugin. -->","yoast_head_json":{"title":"LACNIC Blog | O M\u00e9xico foi novamente sede da Internet","robots":{"index":"index","follow":"follow","max-snippet":"max-snippet:-1","max-image-preview":"max-image-preview:large","max-video-preview":"max-video-preview:-1"},"canonical":"https:\/\/blog.lacnic.net\/pt-br\/o-mexico-foi-novamente-sede-da-internet\/","og_locale":"pt_BR","og_type":"article","og_title":"LACNIC Blog | O M\u00e9xico foi novamente sede da Internet","og_description":"Uma nova edi\u00e7\u00e3o da reuni\u00e3o anual da comunidade regional da Internet, LACNIC XV, foi realizada em Cancun, M\u00e9xico, de 15 a 20 de maio de 2011. Nove anos e doze reuni\u00f5es tiveram que acontecer para que o LACNIC voltasse para o M\u00e9xico.&nbsp; Assim foi que oito anos depois, o LACNIC voltou a se reunir no [&hellip;]","og_url":"https:\/\/blog.lacnic.net\/pt-br\/o-mexico-foi-novamente-sede-da-internet\/","og_site_name":"LACNIC Blog","article_publisher":"https:\/\/facebook.com\/lacnic","article_published_time":"2011-06-29T15:11:17+00:00","article_modified_time":"2019-12-06T19:13:15+00:00","og_image":[{"url":"http:\/\/prensa.lacnic.net\/news\/wp-content\/uploads\/2011\/06\/lacnicxv.png","type":"","width":"","height":""}],"author":"Mart\u00edn","twitter_card":"summary_large_image","twitter_creator":"@lacnic","twitter_site":"@lacnic","schema":{"@context":"https:\/\/schema.org","@graph":[{"@type":"Article","@id":"https:\/\/blog.lacnic.net\/pt-br\/o-mexico-foi-novamente-sede-da-internet\/#article","isPartOf":{"@id":"https:\/\/blog.lacnic.net\/pt-br\/o-mexico-foi-novamente-sede-da-internet\/"},"author":{"name":"Mart\u00edn","@id":"https:\/\/blog.lacnic.net\/#\/schema\/person\/3f3117e292d71f4166f765368b0760dc"},"headline":"O M\u00e9xico foi novamente sede da Internet","datePublished":"2011-06-29T15:11:17+00:00","dateModified":"2019-12-06T19:13:15+00:00","mainEntityOfPage":{"@id":"https:\/\/blog.lacnic.net\/pt-br\/o-mexico-foi-novamente-sede-da-internet\/"},"wordCount":786,"commentCount":1,"publisher":{"@id":"https:\/\/blog.lacnic.net\/#organization"},"image":{"@id":"https:\/\/blog.lacnic.net\/pt-br\/o-mexico-foi-novamente-sede-da-internet\/#primaryimage"},"thumbnailUrl":"http:\/\/prensa.lacnic.net\/news\/wp-content\/uploads\/2011\/06\/lacnicxv.png","articleSection":["sin categoria"],"inLanguage":"pt-BR","potentialAction":[{"@type":"CommentAction","name":"Comment","target":["https:\/\/blog.lacnic.net\/pt-br\/o-mexico-foi-novamente-sede-da-internet\/#respond"]}]},{"@type":"WebPage","@id":"https:\/\/blog.lacnic.net\/pt-br\/o-mexico-foi-novamente-sede-da-internet\/","url":"https:\/\/blog.lacnic.net\/pt-br\/o-mexico-foi-novamente-sede-da-internet\/","name":"LACNIC Blog | O M\u00e9xico foi novamente sede da Internet","isPartOf":{"@id":"https:\/\/blog.lacnic.net\/#website"},"primaryImageOfPage":{"@id":"https:\/\/blog.lacnic.net\/pt-br\/o-mexico-foi-novamente-sede-da-internet\/#primaryimage"},"image":{"@id":"https:\/\/blog.lacnic.net\/pt-br\/o-mexico-foi-novamente-sede-da-internet\/#primaryimage"},"thumbnailUrl":"http:\/\/prensa.lacnic.net\/news\/wp-content\/uploads\/2011\/06\/lacnicxv.png","datePublished":"2011-06-29T15:11:17+00:00","dateModified":"2019-12-06T19:13:15+00:00","breadcrumb":{"@id":"https:\/\/blog.lacnic.net\/pt-br\/o-mexico-foi-novamente-sede-da-internet\/#breadcrumb"},"inLanguage":"pt-BR","potentialAction":[{"@type":"ReadAction","target":["https:\/\/blog.lacnic.net\/pt-br\/o-mexico-foi-novamente-sede-da-internet\/"]}]},{"@type":"ImageObject","inLanguage":"pt-BR","@id":"https:\/\/blog.lacnic.net\/pt-br\/o-mexico-foi-novamente-sede-da-internet\/#primaryimage","url":"http:\/\/prensa.lacnic.net\/news\/wp-content\/uploads\/2011\/06\/lacnicxv.png","contentUrl":"http:\/\/prensa.lacnic.net\/news\/wp-content\/uploads\/2011\/06\/lacnicxv.png"},{"@type":"BreadcrumbList","@id":"https:\/\/blog.lacnic.net\/pt-br\/o-mexico-foi-novamente-sede-da-internet\/#breadcrumb","itemListElement":[{"@type":"ListItem","position":1,"name":"Portada","item":"https:\/\/blog.lacnic.net\/pt-br\/"},{"@type":"ListItem","position":2,"name":"O M\u00e9xico foi novamente sede da Internet"}]},{"@type":"WebSite","@id":"https:\/\/blog.lacnic.net\/#website","url":"https:\/\/blog.lacnic.net\/","name":"LACNIC Blog","description":"LACNIC Internet Community Newsletter","publisher":{"@id":"https:\/\/blog.lacnic.net\/#organization"},"potentialAction":[{"@type":"SearchAction","target":{"@type":"EntryPoint","urlTemplate":"https:\/\/blog.lacnic.net\/?s={search_term_string}"},"query-input":{"@type":"PropertyValueSpecification","valueRequired":true,"valueName":"search_term_string"}}],"inLanguage":"pt-BR"},{"@type":"Organization","@id":"https:\/\/blog.lacnic.net\/#organization","name":"LACNIC Blog","url":"https:\/\/blog.lacnic.net\/","logo":{"@type":"ImageObject","inLanguage":"pt-BR","@id":"https:\/\/blog.lacnic.net\/#\/schema\/logo\/image\/","url":"https:\/\/blog.lacnic.net\/wp-content\/uploads\/2023\/03\/lacnic-blog.svg","contentUrl":"https:\/\/blog.lacnic.net\/wp-content\/uploads\/2023\/03\/lacnic-blog.svg","caption":"LACNIC Blog"},"image":{"@id":"https:\/\/blog.lacnic.net\/#\/schema\/logo\/image\/"},"sameAs":["https:\/\/facebook.com\/lacnic","https:\/\/x.com\/lacnic","https:\/\/www.instagram.com\/lacnic\/?hl=es-la","https:\/\/uy.linkedin.com\/company\/lacnic","https:\/\/www.youtube.com\/user\/lacnicstaff","https:\/\/www.lacnic.net\/podcast"]},{"@type":"Person","@id":"https:\/\/blog.lacnic.net\/#\/schema\/person\/3f3117e292d71f4166f765368b0760dc","name":"Mart\u00edn","description":"Especialista en imagen institucional","url":"https:\/\/blog.lacnic.net\/pt-br\/author\/sysmartin\/"}]}},"jetpack_publicize_connections":[],"jetpack_featured_media_url":"","jetpack_sharing_enabled":true,"wpml_current_locale":"pt_BR","wpml_translations":[{"locale":"es_ES","id":589,"post_title":"M\u00e9xico fue nuevamente la sede de Internet","slug":"mexico-fue-nuevamente-la-sede-de-internet","href":"https:\/\/blog.lacnic.net\/mexico-fue-nuevamente-la-sede-de-internet\/"},{"locale":"en_US","id":597,"post_title":"Once Again Mexico Hosts the Internet Community","slug":"once-again-mexico-hosts-the-internet-community","href":"https:\/\/blog.lacnic.net\/en\/once-again-mexico-hosts-the-internet-community\/"}],"_links":{"self":[{"href":"https:\/\/blog.lacnic.net\/pt-br\/wp-json\/wp\/v2\/posts\/600","targetHints":{"allow":["GET"]}}],"collection":[{"href":"https:\/\/blog.lacnic.net\/pt-br\/wp-json\/wp\/v2\/posts"}],"about":[{"href":"https:\/\/blog.lacnic.net\/pt-br\/wp-json\/wp\/v2\/types\/post"}],"author":[{"embeddable":true,"href":"https:\/\/blog.lacnic.net\/pt-br\/wp-json\/wp\/v2\/users\/2"}],"replies":[{"embeddable":true,"href":"https:\/\/blog.lacnic.net\/pt-br\/wp-json\/wp\/v2\/comments?post=600"}],"version-history":[{"count":5,"href":"https:\/\/blog.lacnic.net\/pt-br\/wp-json\/wp\/v2\/posts\/600\/revisions"}],"predecessor-version":[{"id":12580,"href":"https:\/\/blog.lacnic.net\/pt-br\/wp-json\/wp\/v2\/posts\/600\/revisions\/12580"}],"wp:attachment":[{"href":"https:\/\/blog.lacnic.net\/pt-br\/wp-json\/wp\/v2\/media?parent=600"}],"wp:term":[{"taxonomy":"category","embeddable":true,"href":"https:\/\/blog.lacnic.net\/pt-br\/wp-json\/wp\/v2\/categories?post=600"},{"taxonomy":"post_tag","embeddable":true,"href":"https:\/\/blog.lacnic.net\/pt-br\/wp-json\/wp\/v2\/tags?post=600"},{"taxonomy":"archivo","embeddable":true,"href":"https:\/\/blog.lacnic.net\/pt-br\/wp-json\/wp\/v2\/archivo?post=600"},{"taxonomy":"taxonomy-authors","embeddable":true,"href":"https:\/\/blog.lacnic.net\/pt-br\/wp-json\/wp\/v2\/taxonomy-authors?post=600"},{"taxonomy":"tipo_autor","embeddable":true,"href":"https:\/\/blog.lacnic.net\/pt-br\/wp-json\/wp\/v2\/tipo_autor?post=600"}],"curies":[{"name":"wp","href":"https:\/\/api.w.org\/{rel}","templated":true}]}}