{"id":33152,"date":"2026-03-31T12:24:54","date_gmt":"2026-03-31T12:24:54","guid":{"rendered":"https:\/\/blog.lacnic.net\/?p=33152"},"modified":"2026-03-31T12:26:08","modified_gmt":"2026-03-31T12:26:08","slug":"legislacao-internet-governanca-digital","status":"publish","type":"post","link":"https:\/\/blog.lacnic.net\/pt-br\/legislacao-internet-governanca-digital\/","title":{"rendered":"Entender Internet para uma legisla\u00e7\u00e3o melhor"},"content":{"rendered":"\n<p><em>Por <a href=\"https:\/\/blog.lacnic.net\/pt-br\/autor\/paula-oteguy\/\">Paula Oteguy<\/a><\/em><\/p>\n\n\n\n<p>A C\u00fapula Parlamentar Regional do IGF, realizada em 24 de mar\u00e7o em Montevid\u00e9u, deixou uma coisa muito clara: para regular adequadamente o ambiente digital, n\u00e3o basta reagir \u00e0s novas tecnologias; \u00e9 necess\u00e1rio entender como a Internet funciona e criar espa\u00e7os de di\u00e1logo entre quem legisla e quem trabalhamos em estreita colabora\u00e7\u00e3o com a sua dimens\u00e3o t\u00e9cnica.<\/p>\n\n\n\n<p>Hoje, as quest\u00f5es digitais est\u00e3o ocupando cada vez mais espa\u00e7o nas agendas p\u00fablicas. Intelig\u00eancia artificial, plataformas, dados, seguran\u00e7a cibern\u00e9tica, infraestrutura: s\u00e3o assuntos que j\u00e1 n\u00e3o pertencem exclusivamente ao mundo t\u00e9cnico. Eles permeiam a vida cotidiana, a economia, a educa\u00e7\u00e3o e o funcionamento de nossas sociedades. E \u00e9 por isso que tamb\u00e9m precisam ser abordadas por legisladores, parlamentares e reguladores, entre outros.<\/p>\n\n\n\n<p>No LACNIC, temos trabalhado nessa dire\u00e7\u00e3o de forma cont\u00ednua, tanto por meio do nosso programa <em>Policy Fellows<\/em> quanto por meio da nossa participa\u00e7\u00e3o na organiza\u00e7\u00e3o, juntamente com a CEPAL, <a href=\"http:\/\/cetic.br\">CETIC.br<\/a> e CAF, das Escolas de Transforma\u00e7\u00e3o Digital e Inova\u00e7\u00e3o do Caribe e da Am\u00e9rica Latina. Estamos convencidos de que podemos dar uma contribui\u00e7\u00e3o valiosa nesse processo. N\u00e3o se trata de ditar o que deve ser regulamentado, mas sim de ajudar a garantir que as regulamenta\u00e7\u00f5es sejam desenvolvidas com uma melhor compreens\u00e3o de como a Internet funciona, quais os impactos t\u00e9cnicos que certas medidas podem ter e qu\u00e3o vi\u00e1veis \u200b\u200balgumas propostas s\u00e3o na pr\u00e1tica. Do nosso ponto de vista, enquanto organiza\u00e7\u00e3o t\u00e9cnica e neutra, temos interesse em ser um ponto de refer\u00eancia que contribua para o enriquecimento desses debates.<\/p>\n\n\n\n<p>Esse foi precisamente um dos temas centrais da quarta C\u00fapula Parlamentar Regional do IGF, que reuniu mais de 90 representantes parlamentares, especialistas e atores de diferentes setores para refletir sobre como antecipar as mudan\u00e7as no ambiente digital.<\/p>\n\n\n\n<p>Na abertura, Rodrigo Go\u00f1i, presidente da C\u00e2mara de Representantes do Uruguai, e Chengetai Masango, <em>Head of Office<\/em> do Secretariado do IGF das Na\u00e7\u00f5es Unidas, enfatizaram a necessidade de os parlamentos se envolverem cada vez mais nos debates sobre governan\u00e7a digital.<\/p>\n\n\n\n<p>Para n\u00f3s, um dos momentos mais valiosos do dia foi a primeira sess\u00e3o de trabalho, moderada por Lydia Garrido. Ali, foi proposto algo t\u00e3o simples quanto necess\u00e1rio: ajudar a tornar vis\u00edvel essa camada digital que muitas vezes passa despercebida, conectando a dimens\u00e3o t\u00e9cnica com a pol\u00edtica. Porque quando se regula a Internet sem compreender os seus fundamentos, corre-se o risco de se construir respostas incompletas.<\/p>\n\n\n\n<figure class=\"wp-block-image size-large\"><img decoding=\"async\" width=\"1024\" height=\"577\" src=\"https:\/\/blog.lacnic.net\/wp-content\/uploads\/2026\/03\/fig1-internet-legislacion-gobernanza-digital-1024x577.jpg\" alt=\"\" class=\"wp-image-33138\" srcset=\"https:\/\/blog.lacnic.net\/wp-content\/uploads\/2026\/03\/fig1-internet-legislacion-gobernanza-digital-1024x577.jpg 1024w, https:\/\/blog.lacnic.net\/wp-content\/uploads\/2026\/03\/fig1-internet-legislacion-gobernanza-digital-300x169.jpg 300w, https:\/\/blog.lacnic.net\/wp-content\/uploads\/2026\/03\/fig1-internet-legislacion-gobernanza-digital-586x330.jpg 586w, https:\/\/blog.lacnic.net\/wp-content\/uploads\/2026\/03\/fig1-internet-legislacion-gobernanza-digital-768x433.jpg 768w, https:\/\/blog.lacnic.net\/wp-content\/uploads\/2026\/03\/fig1-internet-legislacion-gobernanza-digital.jpg 1314w\" sizes=\"(max-width: 1024px) 100vw, 1024px\" \/><\/figure>\n\n\n\n<p>Nessa introdu\u00e7\u00e3o ao ecossistema digital, Celine Bal analisou a trajet\u00f3ria do IGF e a evolu\u00e7\u00e3o do Track Parlamentar como um espa\u00e7o criado para aproximar essas discuss\u00f5es daqueles que t\u00eam responsabilidades legislativas. Andy Richardson compartilhou o trabalho da Uni\u00e3o Interparlamentar em conscientiza\u00e7\u00e3o e forma\u00e7\u00e3o, principalmente em intelig\u00eancia artificial. Lilian Chamorro apresentou o papel do <a href=\"https:\/\/lacigf.org\/\">LACIGF<\/a> e as formas de participa\u00e7\u00e3o. E, do LACNIC, representando o Comit\u00ea Multissetorial (MSC), refor\u00e7amos a import\u00e2ncia de adicionar vozes e conte\u00fado a esses processos regionais, para que a conversa permane\u00e7a aberta, multissetorial e conectada com a realidade da Am\u00e9rica Latina e o Caribe.<\/p>\n\n\n\n<p>Depois veio outro dos momentos centrais da manh\u00e3: a explica\u00e7\u00e3o de como funciona a Internet, dada por Ernesto Maj\u00f3 e Carlos Mart\u00ednez. Para o LACNIC, poder levar essa perspectiva aos parlamentares \u00e9 muito importante. Porque para discutir leis ou regulamentos sobre quest\u00f5es digitais, \u00e9 necess\u00e1rio primeiro entender como a rede funciona. Ernesto Maj\u00f3 destacou o papel que podemos desempenhar nesse sentido, ajudando a construir pontes entre o debate pol\u00edtico e a perspectiva t\u00e9cnica. Posteriormente, Carlos Mart\u00ednez explicou de forma clara as diferentes camadas da Internet e como elas se conectam umas \u00e0s outras. Foi uma forma concreta de demonstrar que por tr\u00e1s do mundo digital existe uma estrutura complexa que deve ser compreendida antes de se tomar decis\u00f5es.<\/p>\n\n\n\n<p>O restante do dia incluiu pain\u00e9is e estudos de caso sobre regulamenta\u00e7\u00e3o digital na regi\u00e3o, tecnologias emergentes e seus impactos na economia real. Mais informa\u00e7\u00f5es <a href=\"https:\/\/www.intgovforum.org\/en\/content\/parliamentary-summit-anticipating-the-digital-future-strengthening-parliamentary-governance\">aqui<\/a>.<\/p>\n\n\n\n<p>Ao final do dia, juntamente com as organiza\u00e7\u00f5es que comp\u00f5em a Comunidade T\u00e9cnica da Casa da Internet, recebemos parlamentares e palestrantes em um coquetel, criando um espa\u00e7o para continuar construindo redes e promovendo o di\u00e1logo.<\/p>\n\n\n\n<p>Acreditamos firmemente que esses encontros s\u00e3o fundamentais para construir pontes entre o t\u00e9cnico e o pol\u00edtico, e para avan\u00e7ar rumo a pol\u00edticas p\u00fablicas mais informadas, inclusivas e sustent\u00e1veis \u200b\u200bpara o desenvolvimento da Internet na Am\u00e9rica Latina e o Caribe.<\/p>\n","protected":false},"excerpt":{"rendered":"<p>Por Paula Oteguy A C\u00fapula Parlamentar Regional do IGF, realizada em 24 de mar\u00e7o em Montevid\u00e9u, deixou uma coisa muito clara: para regular adequadamente o ambiente digital, n\u00e3o basta reagir \u00e0s novas tecnologias; \u00e9 necess\u00e1rio entender como a Internet funciona e criar espa\u00e7os de di\u00e1logo entre quem legisla e quem trabalhamos em estreita colabora\u00e7\u00e3o com [&hellip;]<\/p>\n","protected":false},"author":6,"featured_media":33141,"comment_status":"open","ping_status":"open","sticky":false,"template":"","format":"standard","meta":{"_acf_changed":false,"_jetpack_memberships_contains_paid_content":false,"footnotes":"","jetpack_publicize_message":"","jetpack_publicize_feature_enabled":true,"jetpack_social_post_already_shared":true,"jetpack_social_options":{"image_generator_settings":{"template":"highway","default_image_id":0,"font":"","enabled":false},"version":2}},"categories":[513],"tags":[1287],"archivo":[1346,1452],"taxonomy-authors":[1398],"tipo_autor":[],"class_list":["post-33152","post","type-post","status-publish","format-standard","has-post-thumbnail","hentry","category-public-policy","tag-public-policy","archivo-edicoes-anteriores","archivo-destaques-2023","taxonomy-authors-paula-oteguy-pt-br"],"acf":{"author":"","related_notes":""},"yoast_head":"<!-- This site is optimized with the Yoast SEO plugin v27.0 - https:\/\/yoast.com\/product\/yoast-seo-wordpress\/ -->\n<title>LACNIC Blog | Entender Internet para uma legisla\u00e7\u00e3o melhor<\/title>\n<meta name=\"robots\" content=\"index, follow, max-snippet:-1, max-image-preview:large, max-video-preview:-1\" \/>\n<link rel=\"canonical\" href=\"https:\/\/blog.lacnic.net\/pt-br\/legislacao-internet-governanca-digital\/\" \/>\n<meta property=\"og:locale\" content=\"pt_BR\" \/>\n<meta property=\"og:type\" content=\"article\" \/>\n<meta property=\"og:title\" content=\"LACNIC Blog | Entender Internet para uma legisla\u00e7\u00e3o melhor\" \/>\n<meta property=\"og:description\" content=\"Por Paula Oteguy A C\u00fapula Parlamentar Regional do IGF, realizada em 24 de mar\u00e7o em Montevid\u00e9u, deixou uma coisa muito clara: para regular adequadamente o ambiente digital, n\u00e3o basta reagir \u00e0s novas tecnologias; \u00e9 necess\u00e1rio entender como a Internet funciona e criar espa\u00e7os de di\u00e1logo entre quem legisla e quem trabalhamos em estreita colabora\u00e7\u00e3o com [&hellip;]\" \/>\n<meta property=\"og:url\" content=\"https:\/\/blog.lacnic.net\/pt-br\/legislacao-internet-governanca-digital\/\" \/>\n<meta property=\"og:site_name\" content=\"LACNIC Blog\" \/>\n<meta property=\"article:publisher\" content=\"https:\/\/facebook.com\/lacnic\" \/>\n<meta property=\"article:published_time\" content=\"2026-03-31T12:24:54+00:00\" \/>\n<meta property=\"article:modified_time\" content=\"2026-03-31T12:26:08+00:00\" \/>\n<meta property=\"og:image\" content=\"https:\/\/blog.lacnic.net\/wp-content\/uploads\/2026\/03\/gobernanza-internet-reunion-uruguay-2026.jpg\" \/>\n\t<meta property=\"og:image:width\" content=\"680\" \/>\n\t<meta property=\"og:image:height\" content=\"330\" \/>\n\t<meta property=\"og:image:type\" content=\"image\/jpeg\" \/>\n<meta name=\"author\" content=\"Gianni\" \/>\n<meta name=\"twitter:card\" content=\"summary_large_image\" \/>\n<meta name=\"twitter:creator\" content=\"@lacnic\" \/>\n<meta name=\"twitter:site\" content=\"@lacnic\" \/>\n<script type=\"application\/ld+json\" class=\"yoast-schema-graph\">{\"@context\":\"https:\/\/schema.org\",\"@graph\":[{\"@type\":\"Article\",\"@id\":\"https:\/\/blog.lacnic.net\/pt-br\/legislacao-internet-governanca-digital\/#article\",\"isPartOf\":{\"@id\":\"https:\/\/blog.lacnic.net\/pt-br\/legislacao-internet-governanca-digital\/\"},\"author\":{\"name\":\"Gianni\",\"@id\":\"https:\/\/blog.lacnic.net\/#\/schema\/person\/1338d9cfdb0137e8bc5581f3771f39ab\"},\"headline\":\"Entender Internet para uma legisla\u00e7\u00e3o melhor\",\"datePublished\":\"2026-03-31T12:24:54+00:00\",\"dateModified\":\"2026-03-31T12:26:08+00:00\",\"mainEntityOfPage\":{\"@id\":\"https:\/\/blog.lacnic.net\/pt-br\/legislacao-internet-governanca-digital\/\"},\"wordCount\":804,\"commentCount\":0,\"publisher\":{\"@id\":\"https:\/\/blog.lacnic.net\/#organization\"},\"image\":{\"@id\":\"https:\/\/blog.lacnic.net\/pt-br\/legislacao-internet-governanca-digital\/#primaryimage\"},\"thumbnailUrl\":\"https:\/\/blog.lacnic.net\/wp-content\/uploads\/2026\/03\/gobernanza-internet-reunion-uruguay-2026.jpg\",\"keywords\":[\"Public Policy\"],\"articleSection\":[\"Public Policy\"],\"inLanguage\":\"pt-BR\",\"potentialAction\":[{\"@type\":\"CommentAction\",\"name\":\"Comment\",\"target\":[\"https:\/\/blog.lacnic.net\/pt-br\/legislacao-internet-governanca-digital\/#respond\"]}]},{\"@type\":\"WebPage\",\"@id\":\"https:\/\/blog.lacnic.net\/pt-br\/legislacao-internet-governanca-digital\/\",\"url\":\"https:\/\/blog.lacnic.net\/pt-br\/legislacao-internet-governanca-digital\/\",\"name\":\"LACNIC Blog | Entender Internet para uma legisla\u00e7\u00e3o melhor\",\"isPartOf\":{\"@id\":\"https:\/\/blog.lacnic.net\/#website\"},\"primaryImageOfPage\":{\"@id\":\"https:\/\/blog.lacnic.net\/pt-br\/legislacao-internet-governanca-digital\/#primaryimage\"},\"image\":{\"@id\":\"https:\/\/blog.lacnic.net\/pt-br\/legislacao-internet-governanca-digital\/#primaryimage\"},\"thumbnailUrl\":\"https:\/\/blog.lacnic.net\/wp-content\/uploads\/2026\/03\/gobernanza-internet-reunion-uruguay-2026.jpg\",\"datePublished\":\"2026-03-31T12:24:54+00:00\",\"dateModified\":\"2026-03-31T12:26:08+00:00\",\"breadcrumb\":{\"@id\":\"https:\/\/blog.lacnic.net\/pt-br\/legislacao-internet-governanca-digital\/#breadcrumb\"},\"inLanguage\":\"pt-BR\",\"potentialAction\":[{\"@type\":\"ReadAction\",\"target\":[\"https:\/\/blog.lacnic.net\/pt-br\/legislacao-internet-governanca-digital\/\"]}]},{\"@type\":\"ImageObject\",\"inLanguage\":\"pt-BR\",\"@id\":\"https:\/\/blog.lacnic.net\/pt-br\/legislacao-internet-governanca-digital\/#primaryimage\",\"url\":\"https:\/\/blog.lacnic.net\/wp-content\/uploads\/2026\/03\/gobernanza-internet-reunion-uruguay-2026.jpg\",\"contentUrl\":\"https:\/\/blog.lacnic.net\/wp-content\/uploads\/2026\/03\/gobernanza-internet-reunion-uruguay-2026.jpg\",\"width\":680,\"height\":330},{\"@type\":\"BreadcrumbList\",\"@id\":\"https:\/\/blog.lacnic.net\/pt-br\/legislacao-internet-governanca-digital\/#breadcrumb\",\"itemListElement\":[{\"@type\":\"ListItem\",\"position\":1,\"name\":\"Portada\",\"item\":\"https:\/\/blog.lacnic.net\/pt-br\/\"},{\"@type\":\"ListItem\",\"position\":2,\"name\":\"Entender Internet para uma legisla\u00e7\u00e3o melhor\"}]},{\"@type\":\"WebSite\",\"@id\":\"https:\/\/blog.lacnic.net\/#website\",\"url\":\"https:\/\/blog.lacnic.net\/\",\"name\":\"LACNIC Blog\",\"description\":\"LACNIC Internet Community Newsletter\",\"publisher\":{\"@id\":\"https:\/\/blog.lacnic.net\/#organization\"},\"potentialAction\":[{\"@type\":\"SearchAction\",\"target\":{\"@type\":\"EntryPoint\",\"urlTemplate\":\"https:\/\/blog.lacnic.net\/?s={search_term_string}\"},\"query-input\":{\"@type\":\"PropertyValueSpecification\",\"valueRequired\":true,\"valueName\":\"search_term_string\"}}],\"inLanguage\":\"pt-BR\"},{\"@type\":\"Organization\",\"@id\":\"https:\/\/blog.lacnic.net\/#organization\",\"name\":\"LACNIC Blog\",\"url\":\"https:\/\/blog.lacnic.net\/\",\"logo\":{\"@type\":\"ImageObject\",\"inLanguage\":\"pt-BR\",\"@id\":\"https:\/\/blog.lacnic.net\/#\/schema\/logo\/image\/\",\"url\":\"https:\/\/blog.lacnic.net\/wp-content\/uploads\/2023\/03\/lacnic-blog.svg\",\"contentUrl\":\"https:\/\/blog.lacnic.net\/wp-content\/uploads\/2023\/03\/lacnic-blog.svg\",\"caption\":\"LACNIC Blog\"},\"image\":{\"@id\":\"https:\/\/blog.lacnic.net\/#\/schema\/logo\/image\/\"},\"sameAs\":[\"https:\/\/facebook.com\/lacnic\",\"https:\/\/x.com\/lacnic\",\"https:\/\/www.instagram.com\/lacnic\/?hl=es-la\",\"https:\/\/uy.linkedin.com\/company\/lacnic\",\"https:\/\/www.youtube.com\/user\/lacnicstaff\",\"https:\/\/www.lacnic.net\/podcast\"]},{\"@type\":\"Person\",\"@id\":\"https:\/\/blog.lacnic.net\/#\/schema\/person\/1338d9cfdb0137e8bc5581f3771f39ab\",\"name\":\"Gianni\",\"url\":\"https:\/\/blog.lacnic.net\/pt-br\/author\/gianni\/\"}]}<\/script>\n<!-- \/ Yoast SEO plugin. -->","yoast_head_json":{"title":"LACNIC Blog | Entender Internet para uma legisla\u00e7\u00e3o melhor","robots":{"index":"index","follow":"follow","max-snippet":"max-snippet:-1","max-image-preview":"max-image-preview:large","max-video-preview":"max-video-preview:-1"},"canonical":"https:\/\/blog.lacnic.net\/pt-br\/legislacao-internet-governanca-digital\/","og_locale":"pt_BR","og_type":"article","og_title":"LACNIC Blog | Entender Internet para uma legisla\u00e7\u00e3o melhor","og_description":"Por Paula Oteguy A C\u00fapula Parlamentar Regional do IGF, realizada em 24 de mar\u00e7o em Montevid\u00e9u, deixou uma coisa muito clara: para regular adequadamente o ambiente digital, n\u00e3o basta reagir \u00e0s novas tecnologias; \u00e9 necess\u00e1rio entender como a Internet funciona e criar espa\u00e7os de di\u00e1logo entre quem legisla e quem trabalhamos em estreita colabora\u00e7\u00e3o com [&hellip;]","og_url":"https:\/\/blog.lacnic.net\/pt-br\/legislacao-internet-governanca-digital\/","og_site_name":"LACNIC Blog","article_publisher":"https:\/\/facebook.com\/lacnic","article_published_time":"2026-03-31T12:24:54+00:00","article_modified_time":"2026-03-31T12:26:08+00:00","og_image":[{"width":680,"height":330,"url":"https:\/\/blog.lacnic.net\/wp-content\/uploads\/2026\/03\/gobernanza-internet-reunion-uruguay-2026.jpg","type":"image\/jpeg"}],"author":"Gianni","twitter_card":"summary_large_image","twitter_creator":"@lacnic","twitter_site":"@lacnic","schema":{"@context":"https:\/\/schema.org","@graph":[{"@type":"Article","@id":"https:\/\/blog.lacnic.net\/pt-br\/legislacao-internet-governanca-digital\/#article","isPartOf":{"@id":"https:\/\/blog.lacnic.net\/pt-br\/legislacao-internet-governanca-digital\/"},"author":{"name":"Gianni","@id":"https:\/\/blog.lacnic.net\/#\/schema\/person\/1338d9cfdb0137e8bc5581f3771f39ab"},"headline":"Entender Internet para uma legisla\u00e7\u00e3o melhor","datePublished":"2026-03-31T12:24:54+00:00","dateModified":"2026-03-31T12:26:08+00:00","mainEntityOfPage":{"@id":"https:\/\/blog.lacnic.net\/pt-br\/legislacao-internet-governanca-digital\/"},"wordCount":804,"commentCount":0,"publisher":{"@id":"https:\/\/blog.lacnic.net\/#organization"},"image":{"@id":"https:\/\/blog.lacnic.net\/pt-br\/legislacao-internet-governanca-digital\/#primaryimage"},"thumbnailUrl":"https:\/\/blog.lacnic.net\/wp-content\/uploads\/2026\/03\/gobernanza-internet-reunion-uruguay-2026.jpg","keywords":["Public Policy"],"articleSection":["Public Policy"],"inLanguage":"pt-BR","potentialAction":[{"@type":"CommentAction","name":"Comment","target":["https:\/\/blog.lacnic.net\/pt-br\/legislacao-internet-governanca-digital\/#respond"]}]},{"@type":"WebPage","@id":"https:\/\/blog.lacnic.net\/pt-br\/legislacao-internet-governanca-digital\/","url":"https:\/\/blog.lacnic.net\/pt-br\/legislacao-internet-governanca-digital\/","name":"LACNIC Blog | Entender Internet para uma legisla\u00e7\u00e3o melhor","isPartOf":{"@id":"https:\/\/blog.lacnic.net\/#website"},"primaryImageOfPage":{"@id":"https:\/\/blog.lacnic.net\/pt-br\/legislacao-internet-governanca-digital\/#primaryimage"},"image":{"@id":"https:\/\/blog.lacnic.net\/pt-br\/legislacao-internet-governanca-digital\/#primaryimage"},"thumbnailUrl":"https:\/\/blog.lacnic.net\/wp-content\/uploads\/2026\/03\/gobernanza-internet-reunion-uruguay-2026.jpg","datePublished":"2026-03-31T12:24:54+00:00","dateModified":"2026-03-31T12:26:08+00:00","breadcrumb":{"@id":"https:\/\/blog.lacnic.net\/pt-br\/legislacao-internet-governanca-digital\/#breadcrumb"},"inLanguage":"pt-BR","potentialAction":[{"@type":"ReadAction","target":["https:\/\/blog.lacnic.net\/pt-br\/legislacao-internet-governanca-digital\/"]}]},{"@type":"ImageObject","inLanguage":"pt-BR","@id":"https:\/\/blog.lacnic.net\/pt-br\/legislacao-internet-governanca-digital\/#primaryimage","url":"https:\/\/blog.lacnic.net\/wp-content\/uploads\/2026\/03\/gobernanza-internet-reunion-uruguay-2026.jpg","contentUrl":"https:\/\/blog.lacnic.net\/wp-content\/uploads\/2026\/03\/gobernanza-internet-reunion-uruguay-2026.jpg","width":680,"height":330},{"@type":"BreadcrumbList","@id":"https:\/\/blog.lacnic.net\/pt-br\/legislacao-internet-governanca-digital\/#breadcrumb","itemListElement":[{"@type":"ListItem","position":1,"name":"Portada","item":"https:\/\/blog.lacnic.net\/pt-br\/"},{"@type":"ListItem","position":2,"name":"Entender Internet para uma legisla\u00e7\u00e3o melhor"}]},{"@type":"WebSite","@id":"https:\/\/blog.lacnic.net\/#website","url":"https:\/\/blog.lacnic.net\/","name":"LACNIC Blog","description":"LACNIC Internet Community Newsletter","publisher":{"@id":"https:\/\/blog.lacnic.net\/#organization"},"potentialAction":[{"@type":"SearchAction","target":{"@type":"EntryPoint","urlTemplate":"https:\/\/blog.lacnic.net\/?s={search_term_string}"},"query-input":{"@type":"PropertyValueSpecification","valueRequired":true,"valueName":"search_term_string"}}],"inLanguage":"pt-BR"},{"@type":"Organization","@id":"https:\/\/blog.lacnic.net\/#organization","name":"LACNIC Blog","url":"https:\/\/blog.lacnic.net\/","logo":{"@type":"ImageObject","inLanguage":"pt-BR","@id":"https:\/\/blog.lacnic.net\/#\/schema\/logo\/image\/","url":"https:\/\/blog.lacnic.net\/wp-content\/uploads\/2023\/03\/lacnic-blog.svg","contentUrl":"https:\/\/blog.lacnic.net\/wp-content\/uploads\/2023\/03\/lacnic-blog.svg","caption":"LACNIC Blog"},"image":{"@id":"https:\/\/blog.lacnic.net\/#\/schema\/logo\/image\/"},"sameAs":["https:\/\/facebook.com\/lacnic","https:\/\/x.com\/lacnic","https:\/\/www.instagram.com\/lacnic\/?hl=es-la","https:\/\/uy.linkedin.com\/company\/lacnic","https:\/\/www.youtube.com\/user\/lacnicstaff","https:\/\/www.lacnic.net\/podcast"]},{"@type":"Person","@id":"https:\/\/blog.lacnic.net\/#\/schema\/person\/1338d9cfdb0137e8bc5581f3771f39ab","name":"Gianni","url":"https:\/\/blog.lacnic.net\/pt-br\/author\/gianni\/"}]}},"jetpack_publicize_connections":[],"jetpack_featured_media_url":"https:\/\/blog.lacnic.net\/wp-content\/uploads\/2026\/03\/gobernanza-internet-reunion-uruguay-2026.jpg","jetpack_sharing_enabled":true,"wpml_current_locale":"pt_BR","wpml_translations":[{"locale":"es_ES","id":33131,"post_title":"Entender Internet para una mejor legislaci\u00f3n","slug":"internet-legislacion-gobernanza-digital","href":"https:\/\/blog.lacnic.net\/internet-legislacion-gobernanza-digital\/"},{"locale":"en_US","id":33150,"post_title":"Understanding the Internet for Better Legislation","slug":"internet-legislation-digital-governance","href":"https:\/\/blog.lacnic.net\/en\/internet-legislation-digital-governance\/"}],"_links":{"self":[{"href":"https:\/\/blog.lacnic.net\/pt-br\/wp-json\/wp\/v2\/posts\/33152","targetHints":{"allow":["GET"]}}],"collection":[{"href":"https:\/\/blog.lacnic.net\/pt-br\/wp-json\/wp\/v2\/posts"}],"about":[{"href":"https:\/\/blog.lacnic.net\/pt-br\/wp-json\/wp\/v2\/types\/post"}],"author":[{"embeddable":true,"href":"https:\/\/blog.lacnic.net\/pt-br\/wp-json\/wp\/v2\/users\/6"}],"replies":[{"embeddable":true,"href":"https:\/\/blog.lacnic.net\/pt-br\/wp-json\/wp\/v2\/comments?post=33152"}],"version-history":[{"count":1,"href":"https:\/\/blog.lacnic.net\/pt-br\/wp-json\/wp\/v2\/posts\/33152\/revisions"}],"predecessor-version":[{"id":33153,"href":"https:\/\/blog.lacnic.net\/pt-br\/wp-json\/wp\/v2\/posts\/33152\/revisions\/33153"}],"wp:featuredmedia":[{"embeddable":true,"href":"https:\/\/blog.lacnic.net\/pt-br\/wp-json\/wp\/v2\/media\/33141"}],"wp:attachment":[{"href":"https:\/\/blog.lacnic.net\/pt-br\/wp-json\/wp\/v2\/media?parent=33152"}],"wp:term":[{"taxonomy":"category","embeddable":true,"href":"https:\/\/blog.lacnic.net\/pt-br\/wp-json\/wp\/v2\/categories?post=33152"},{"taxonomy":"post_tag","embeddable":true,"href":"https:\/\/blog.lacnic.net\/pt-br\/wp-json\/wp\/v2\/tags?post=33152"},{"taxonomy":"archivo","embeddable":true,"href":"https:\/\/blog.lacnic.net\/pt-br\/wp-json\/wp\/v2\/archivo?post=33152"},{"taxonomy":"taxonomy-authors","embeddable":true,"href":"https:\/\/blog.lacnic.net\/pt-br\/wp-json\/wp\/v2\/taxonomy-authors?post=33152"},{"taxonomy":"tipo_autor","embeddable":true,"href":"https:\/\/blog.lacnic.net\/pt-br\/wp-json\/wp\/v2\/tipo_autor?post=33152"}],"curies":[{"name":"wp","href":"https:\/\/api.w.org\/{rel}","templated":true}]}}