{"id":30778,"date":"2025-09-02T18:04:56","date_gmt":"2025-09-02T18:04:56","guid":{"rendered":"https:\/\/blog.lacnic.net\/?p=30778"},"modified":"2025-09-02T18:48:40","modified_gmt":"2025-09-02T18:48:40","slug":"a-decada-perdida-do-ipv6","status":"publish","type":"post","link":"https:\/\/blog.lacnic.net\/pt-br\/a-decada-perdida-do-ipv6\/","title":{"rendered":"A D\u00e9cada Perdida do IPv6"},"content":{"rendered":"\n<p>Por <a href=\"https:\/\/blog.lacnic.net\/pt-br\/autor\/henri-alves-de-godoy\/\">Henry Alves de Godoy<\/a><\/p>\n\n\n\n<p>Em uma linha do tempo que organizei recentemente para uma apresenta\u00e7\u00e3o, um ponto me chamou a aten\u00e7\u00e3o e por isso resolvi escrever esse texto. Um intervalo de tempo que considero como o elo perdido da Internet entre os anos 2000 e 2010.<\/p>\n\n\n\n<h2 class=\"wp-block-heading\"><strong>A escassez anunciada<\/strong><\/h2>\n\n\n\n<p>O esgotamento do IPv4 j\u00e1 era previsto desde o in\u00edcio dos anos 1990. A Internet crescia em ritmo acelerado, e o modelo de endere\u00e7amento implementado de maneira \u00fanica e global em 1\u00ba de janeiro de 1983, trazia &#8220;apenas&#8221; 4,3 bilh\u00f5es de endere\u00e7os. Lembrando que a popula\u00e7\u00e3o mundial na d\u00e9cada de 1980 era de aproximadamente 4,4 bilh\u00f5es de pessoas, ent\u00e3o parecia que o calculo realizado era razo\u00e1vel.<\/p>\n\n\n\n<p>Acreditamos que seria o suficiente para todos, para uma Internet acad\u00eamica ou corporativa dos anos 80, mas na verdade estava longe de atender um mundo em de forte expans\u00e3o em conectividade.<\/p>\n\n\n\n<figure class=\"wp-block-image size-large\"><img decoding=\"async\" width=\"1024\" height=\"577\" src=\"https:\/\/blog.lacnic.net\/wp-content\/uploads\/2025\/09\/fig1-a-decada-perdida-do-ipv6-1024x577.jpg\" alt=\"\" class=\"wp-image-30769\" srcset=\"https:\/\/blog.lacnic.net\/wp-content\/uploads\/2025\/09\/fig1-a-decada-perdida-do-ipv6-1024x577.jpg 1024w, https:\/\/blog.lacnic.net\/wp-content\/uploads\/2025\/09\/fig1-a-decada-perdida-do-ipv6-300x169.jpg 300w, https:\/\/blog.lacnic.net\/wp-content\/uploads\/2025\/09\/fig1-a-decada-perdida-do-ipv6-586x330.jpg 586w, https:\/\/blog.lacnic.net\/wp-content\/uploads\/2025\/09\/fig1-a-decada-perdida-do-ipv6-768x432.jpg 768w, https:\/\/blog.lacnic.net\/wp-content\/uploads\/2025\/09\/fig1-a-decada-perdida-do-ipv6-1536x865.jpg 1536w, https:\/\/blog.lacnic.net\/wp-content\/uploads\/2025\/09\/fig1-a-decada-perdida-do-ipv6.jpg 1602w\" sizes=\"(max-width: 1024px) 100vw, 1024px\" \/><\/figure>\n\n\n\n<h2 class=\"wp-block-heading\"><strong>As primeiras respostas t\u00e9cnicas<\/strong><\/h2>\n\n\n\n<p>Ainda assim, a comunidade t\u00e9cnica especialmente dentro do <a href=\"https:\/\/www.linkedin.com\/company\/ietf\/\"><strong>IETF<\/strong><\/a> (Internet Engineering Task Force), n\u00e3o ficou parada. Em 1994, surgia a RFC 1631, que introduzia o NAT (Network Address Translation) como uma solu\u00e7\u00e3o <strong>tempor\u00e1ria<\/strong> (K. Egevang e P. Francis). Sua fun\u00e7\u00e3o era mitigar a escassez de endere\u00e7os p\u00fablicos.<\/p>\n\n\n\n<p>Paralelamente, um grupo analisava propostas para uma nova vers\u00e3o do IP (IP Next Generation &#8211; IPng), que culminou em 1995 com a RFC 1883, o primeiro documento t\u00e9cnico descrevendo o que viria a ser o IPv6. Essa especifica\u00e7\u00e3o teve como autores Steve Deering (Xerox PARC) e <a href=\"https:\/\/www.linkedin.com\/in\/bobhinden\/\"><strong>Bob Hinden<\/strong><\/a> (Ipsilon Networks), dois nomes que merecem reconhecimento por sua vis\u00e3o de futuro.<\/p>\n\n\n\n<p>Em 1998, ap\u00f3s ajustes finais, o IPv6 foi formalmente padronizado com o RFC 2460 e o novo protocolo estava pronto para uso. Ele trazia solu\u00e7\u00f5es como, por exemplo, maior espa\u00e7o de endere\u00e7amento (128 bits), simplifica\u00e7\u00e3o de cabe\u00e7alhos, auto-configura\u00e7\u00e3o, mobilidade, seguran\u00e7a nativa via IPsec, e o principal, a elimina\u00e7\u00e3o da necessidade de NAT.<\/p>\n\n\n\n<p>Tudo estava documentado. A infraestrutura estava tecnicamente pronta. S\u00f3 faltava agir.<\/p>\n\n\n\n<h2 class=\"wp-block-heading\"><strong>A d\u00e9cada perdida (2000\u20132010)<\/strong><\/h2>\n\n\n\n<p>Infelizmente, entre os anos 2000 e 2010, enquanto a Internet experimentava uma forte expans\u00e3o, a infraestrutura que iria moldar o futuro da conectividade foi de certa forma ao meu ver negligenciada.<\/p>\n\n\n\n<p>Foi a d\u00e9cada da banda larga, da explos\u00e3o do Wi-Fi, do surgimento de milhares de pequenos provedores locais em todo o mundo. O acesso cresceu, a demanda por IPs aumentou exponencialmente e, todos os esfor\u00e7os com o IPv6 foi ignorado. Em um momento em que mais ir\u00edamos precisar de endere\u00e7os IP para atender os usu\u00e1rios residenciais, com\u00e9rcios, empresas, resolvemos optar por um caminho contr\u00e1rio a tudo que foi preparado, que ainda procuro tentar entender.<\/p>\n\n\n\n<p>Est\u00e1vamos focados no modelo comercial da Internet, e n\u00e3o em sua sustentabilidade t\u00e9cnica. A prioridade era vender conex\u00f5es, ganhar mercado e entregar acesso imediato. O custo t\u00e9cnico foi mascarado pelo uso abusivo de NATs, CGNATs e outras solu\u00e7\u00f5es paliativas que aumentaram a complexidade e reduziram a visibilidade e rastreabilidade na rede.<\/p>\n\n\n\n<p>Essa neglig\u00eancia criou um descompasso ao meu ver, pois a solu\u00e7\u00e3o estava pronta, validada e bem especificada, mas a tomada de decis\u00e3o pol\u00edtica, econ\u00f4mica e operacional falhou.<\/p>\n\n\n\n<h2 class=\"wp-block-heading\"><strong>O despertar tardio<\/strong><\/h2>\n\n\n\n<p>Foi somente em 2011 que o mundo praticamente acordou e a IANA (Internet Assigned Numbers Authority) anunciou oficialmente a aloca\u00e7\u00e3o dos \u00faltimos blocos IPv4 \/8 para os RIRs (Registros Regionais de Internet). O fim havia chegado.<\/p>\n\n\n\n<p>A partir da\u00ed, diversos pa\u00edses e organiza\u00e7\u00f5es iniciaram esfor\u00e7os para ado\u00e7\u00e3o do IPv6, mas de forma reativa, fragmentada e tardia. O protocolo s\u00f3 foi formalmente consolidado como padr\u00e3o com a publica\u00e7\u00e3o do RFC 8200, em 2017, substituindo a RFC 2460.<\/p>\n\n\n\n<p>Foram mais de 20 anos entre a proposta inicial e sua aceita\u00e7\u00e3o como padr\u00e3o. Um dos per\u00edodos mais longos de in\u00e9rcia tecnol\u00f3gica em escala global, considerando que a necessidade era sabida, a solu\u00e7\u00e3o existia e os riscos estavam mapeados.<\/p>\n\n\n\n<h2 class=\"wp-block-heading\"><strong>As consequ\u00eancias de ignorar o IPv6<\/strong><\/h2>\n\n\n\n<p>Hoje ainda sentimos o peso dessa d\u00e9cada perdida e as consequ\u00eancias:<\/p>\n\n\n\n<ul class=\"wp-block-list\">\n<li>Redes atr\u00e1s de CGNATs, dificultando rastreabilidade;<\/li>\n\n\n\n<li>Custos operacionais altos para manter compatibilidade com sistemas legados;<\/li>\n\n\n\n<li>Problemas de seguran\u00e7a devido \u00e0 perda de visibilidade no tr\u00e1fego;<\/li>\n\n\n\n<li>Barreiras para IoT, onde NAT \u00e9 um gargalo cr\u00edtico;<\/li>\n\n\n\n<li>Internet mais complexa e dif\u00edcil de gerenciar.<\/li>\n<\/ul>\n\n\n\n<p>Parte dos ataques atuais e das dificuldades das investiga\u00e7\u00f5es criminais tamb\u00e9m s\u00e3o consequ\u00eancias direta do uso massivo de NAT devido a falta de endere\u00e7os p\u00fablicos.<\/p>\n\n\n\n<h2 class=\"wp-block-heading\"><strong>O que podemos aprender ?<\/strong><\/h2>\n\n\n\n<p>A hist\u00f3ria do IPv6 nos deixa uma li\u00e7\u00e3o onde n\u00e3o basta criar boas solu\u00e7\u00f5es t\u00e9cnicas, \u00e9 preciso garantir sua ado\u00e7\u00e3o no tempo certo. O custo de ignorar uma transi\u00e7\u00e3o \u00e9 imenso e pagamos hoje em forma de remendos, perda de visibilidade e oportunidades desperdi\u00e7adas.<\/p>\n\n\n\n<p>Mais do que &#8220;apenas mais endere\u00e7os\u201d, o IPv6 representa:<\/p>\n\n\n\n<ul class=\"wp-block-list\">\n<li>A restaura\u00e7\u00e3o da simplicidade da arquitetura da Internet;<\/li>\n\n\n\n<li>O retorno da rastreabilidade e visibilidade de qualquer dispositivo em rede;<\/li>\n\n\n\n<li>A base para tecnologias emergentes como IoT, 5G e redes m\u00f3veis inteligentes.<\/li>\n<\/ul>\n\n\n\n<h2 class=\"wp-block-heading\"><strong>Conclus\u00e3o<\/strong><\/h2>\n\n\n\n<p>Mais de 25 anos ap\u00f3s as primeiras RFCs, o IPv6 finalmente avan\u00e7a para est\u00e1gios maduros. No entanto, precisamos agir com responsabilidade e comprometimento, porque a Internet do futuro n\u00e3o pode ser constru\u00edda sobre solu\u00e7\u00f5es emergenciais do passado. O tempo perdido n\u00e3o volta, mas podemos evitar que a hist\u00f3ria se repita.<\/p>\n","protected":false},"excerpt":{"rendered":"<p>Por Henry Alves de Godoy Em uma linha do tempo que organizei recentemente para uma apresenta\u00e7\u00e3o, um ponto me chamou a aten\u00e7\u00e3o e por isso resolvi escrever esse texto. Um intervalo de tempo que considero como o elo perdido da Internet entre os anos 2000 e 2010. A escassez anunciada O esgotamento do IPv4 j\u00e1 [&hellip;]<\/p>\n","protected":false},"author":6,"featured_media":30772,"comment_status":"open","ping_status":"open","sticky":false,"template":"","format":"standard","meta":{"_acf_changed":false,"_jetpack_memberships_contains_paid_content":false,"footnotes":"","jetpack_publicize_message":"","jetpack_publicize_feature_enabled":true,"jetpack_social_post_already_shared":true,"jetpack_social_options":{"image_generator_settings":{"template":"highway","default_image_id":0,"enabled":false},"version":2}},"categories":[532],"tags":[1305],"archivo":[1346,1452],"taxonomy-authors":[1259],"tipo_autor":[],"class_list":["post-30778","post","type-post","status-publish","format-standard","has-post-thumbnail","hentry","category-ipv6","tag-ipv6","archivo-edicoes-anteriores","archivo-destaques-2023","taxonomy-authors-henri-alves-de-godoy-pt-br"],"acf":{"author":"","related_notes":""},"yoast_head":"<!-- This site is optimized with the Yoast SEO plugin v27.0 - https:\/\/yoast.com\/product\/yoast-seo-wordpress\/ -->\n<title>LACNIC Blog | A D\u00e9cada Perdida do IPv6<\/title>\n<meta name=\"robots\" content=\"index, follow, max-snippet:-1, max-image-preview:large, max-video-preview:-1\" \/>\n<link rel=\"canonical\" href=\"https:\/\/blog.lacnic.net\/pt-br\/a-decada-perdida-do-ipv6\/\" \/>\n<meta property=\"og:locale\" content=\"pt_BR\" \/>\n<meta property=\"og:type\" content=\"article\" \/>\n<meta property=\"og:title\" content=\"LACNIC Blog | A D\u00e9cada Perdida do IPv6\" \/>\n<meta property=\"og:description\" content=\"Por Henry Alves de Godoy Em uma linha do tempo que organizei recentemente para uma apresenta\u00e7\u00e3o, um ponto me chamou a aten\u00e7\u00e3o e por isso resolvi escrever esse texto. Um intervalo de tempo que considero como o elo perdido da Internet entre os anos 2000 e 2010. A escassez anunciada O esgotamento do IPv4 j\u00e1 [&hellip;]\" \/>\n<meta property=\"og:url\" content=\"https:\/\/blog.lacnic.net\/pt-br\/a-decada-perdida-do-ipv6\/\" \/>\n<meta property=\"og:site_name\" content=\"LACNIC Blog\" \/>\n<meta property=\"article:publisher\" content=\"https:\/\/facebook.com\/lacnic\" \/>\n<meta property=\"article:published_time\" content=\"2025-09-02T18:04:56+00:00\" \/>\n<meta property=\"article:modified_time\" content=\"2025-09-02T18:48:40+00:00\" \/>\n<meta property=\"og:image\" content=\"https:\/\/blog.lacnic.net\/wp-content\/uploads\/2025\/09\/transicion-ipv6-rfc.png\" \/>\n\t<meta property=\"og:image:width\" content=\"680\" \/>\n\t<meta property=\"og:image:height\" content=\"330\" \/>\n\t<meta property=\"og:image:type\" content=\"image\/png\" \/>\n<meta name=\"author\" content=\"Gianni\" \/>\n<meta name=\"twitter:card\" content=\"summary_large_image\" \/>\n<meta name=\"twitter:creator\" content=\"@lacnic\" \/>\n<meta name=\"twitter:site\" content=\"@lacnic\" \/>\n<script type=\"application\/ld+json\" class=\"yoast-schema-graph\">{\"@context\":\"https:\/\/schema.org\",\"@graph\":[{\"@type\":\"Article\",\"@id\":\"https:\/\/blog.lacnic.net\/pt-br\/a-decada-perdida-do-ipv6\/#article\",\"isPartOf\":{\"@id\":\"https:\/\/blog.lacnic.net\/pt-br\/a-decada-perdida-do-ipv6\/\"},\"author\":{\"name\":\"Gianni\",\"@id\":\"https:\/\/blog.lacnic.net\/#\/schema\/person\/1338d9cfdb0137e8bc5581f3771f39ab\"},\"headline\":\"A D\u00e9cada Perdida do IPv6\",\"datePublished\":\"2025-09-02T18:04:56+00:00\",\"dateModified\":\"2025-09-02T18:48:40+00:00\",\"mainEntityOfPage\":{\"@id\":\"https:\/\/blog.lacnic.net\/pt-br\/a-decada-perdida-do-ipv6\/\"},\"wordCount\":926,\"commentCount\":0,\"publisher\":{\"@id\":\"https:\/\/blog.lacnic.net\/#organization\"},\"image\":{\"@id\":\"https:\/\/blog.lacnic.net\/pt-br\/a-decada-perdida-do-ipv6\/#primaryimage\"},\"thumbnailUrl\":\"https:\/\/blog.lacnic.net\/wp-content\/uploads\/2025\/09\/transicion-ipv6-rfc.png\",\"keywords\":[\"IPv6\"],\"articleSection\":[\"IPv6\"],\"inLanguage\":\"pt-BR\",\"potentialAction\":[{\"@type\":\"CommentAction\",\"name\":\"Comment\",\"target\":[\"https:\/\/blog.lacnic.net\/pt-br\/a-decada-perdida-do-ipv6\/#respond\"]}]},{\"@type\":\"WebPage\",\"@id\":\"https:\/\/blog.lacnic.net\/pt-br\/a-decada-perdida-do-ipv6\/\",\"url\":\"https:\/\/blog.lacnic.net\/pt-br\/a-decada-perdida-do-ipv6\/\",\"name\":\"LACNIC Blog | A D\u00e9cada Perdida do IPv6\",\"isPartOf\":{\"@id\":\"https:\/\/blog.lacnic.net\/#website\"},\"primaryImageOfPage\":{\"@id\":\"https:\/\/blog.lacnic.net\/pt-br\/a-decada-perdida-do-ipv6\/#primaryimage\"},\"image\":{\"@id\":\"https:\/\/blog.lacnic.net\/pt-br\/a-decada-perdida-do-ipv6\/#primaryimage\"},\"thumbnailUrl\":\"https:\/\/blog.lacnic.net\/wp-content\/uploads\/2025\/09\/transicion-ipv6-rfc.png\",\"datePublished\":\"2025-09-02T18:04:56+00:00\",\"dateModified\":\"2025-09-02T18:48:40+00:00\",\"breadcrumb\":{\"@id\":\"https:\/\/blog.lacnic.net\/pt-br\/a-decada-perdida-do-ipv6\/#breadcrumb\"},\"inLanguage\":\"pt-BR\",\"potentialAction\":[{\"@type\":\"ReadAction\",\"target\":[\"https:\/\/blog.lacnic.net\/pt-br\/a-decada-perdida-do-ipv6\/\"]}]},{\"@type\":\"ImageObject\",\"inLanguage\":\"pt-BR\",\"@id\":\"https:\/\/blog.lacnic.net\/pt-br\/a-decada-perdida-do-ipv6\/#primaryimage\",\"url\":\"https:\/\/blog.lacnic.net\/wp-content\/uploads\/2025\/09\/transicion-ipv6-rfc.png\",\"contentUrl\":\"https:\/\/blog.lacnic.net\/wp-content\/uploads\/2025\/09\/transicion-ipv6-rfc.png\",\"width\":680,\"height\":330},{\"@type\":\"BreadcrumbList\",\"@id\":\"https:\/\/blog.lacnic.net\/pt-br\/a-decada-perdida-do-ipv6\/#breadcrumb\",\"itemListElement\":[{\"@type\":\"ListItem\",\"position\":1,\"name\":\"Portada\",\"item\":\"https:\/\/blog.lacnic.net\/pt-br\/\"},{\"@type\":\"ListItem\",\"position\":2,\"name\":\"A D\u00e9cada Perdida do IPv6\"}]},{\"@type\":\"WebSite\",\"@id\":\"https:\/\/blog.lacnic.net\/#website\",\"url\":\"https:\/\/blog.lacnic.net\/\",\"name\":\"LACNIC Blog\",\"description\":\"LACNIC Internet Community Newsletter\",\"publisher\":{\"@id\":\"https:\/\/blog.lacnic.net\/#organization\"},\"potentialAction\":[{\"@type\":\"SearchAction\",\"target\":{\"@type\":\"EntryPoint\",\"urlTemplate\":\"https:\/\/blog.lacnic.net\/?s={search_term_string}\"},\"query-input\":{\"@type\":\"PropertyValueSpecification\",\"valueRequired\":true,\"valueName\":\"search_term_string\"}}],\"inLanguage\":\"pt-BR\"},{\"@type\":\"Organization\",\"@id\":\"https:\/\/blog.lacnic.net\/#organization\",\"name\":\"LACNIC Blog\",\"url\":\"https:\/\/blog.lacnic.net\/\",\"logo\":{\"@type\":\"ImageObject\",\"inLanguage\":\"pt-BR\",\"@id\":\"https:\/\/blog.lacnic.net\/#\/schema\/logo\/image\/\",\"url\":\"https:\/\/blog.lacnic.net\/wp-content\/uploads\/2023\/03\/lacnic-blog.svg\",\"contentUrl\":\"https:\/\/blog.lacnic.net\/wp-content\/uploads\/2023\/03\/lacnic-blog.svg\",\"caption\":\"LACNIC Blog\"},\"image\":{\"@id\":\"https:\/\/blog.lacnic.net\/#\/schema\/logo\/image\/\"},\"sameAs\":[\"https:\/\/facebook.com\/lacnic\",\"https:\/\/x.com\/lacnic\",\"https:\/\/www.instagram.com\/lacnic\/?hl=es-la\",\"https:\/\/uy.linkedin.com\/company\/lacnic\",\"https:\/\/www.youtube.com\/user\/lacnicstaff\",\"https:\/\/www.lacnic.net\/podcast\"]},{\"@type\":\"Person\",\"@id\":\"https:\/\/blog.lacnic.net\/#\/schema\/person\/1338d9cfdb0137e8bc5581f3771f39ab\",\"name\":\"Gianni\",\"url\":\"https:\/\/blog.lacnic.net\/pt-br\/author\/gianni\/\"}]}<\/script>\n<!-- \/ Yoast SEO plugin. -->","yoast_head_json":{"title":"LACNIC Blog | A D\u00e9cada Perdida do IPv6","robots":{"index":"index","follow":"follow","max-snippet":"max-snippet:-1","max-image-preview":"max-image-preview:large","max-video-preview":"max-video-preview:-1"},"canonical":"https:\/\/blog.lacnic.net\/pt-br\/a-decada-perdida-do-ipv6\/","og_locale":"pt_BR","og_type":"article","og_title":"LACNIC Blog | A D\u00e9cada Perdida do IPv6","og_description":"Por Henry Alves de Godoy Em uma linha do tempo que organizei recentemente para uma apresenta\u00e7\u00e3o, um ponto me chamou a aten\u00e7\u00e3o e por isso resolvi escrever esse texto. Um intervalo de tempo que considero como o elo perdido da Internet entre os anos 2000 e 2010. A escassez anunciada O esgotamento do IPv4 j\u00e1 [&hellip;]","og_url":"https:\/\/blog.lacnic.net\/pt-br\/a-decada-perdida-do-ipv6\/","og_site_name":"LACNIC Blog","article_publisher":"https:\/\/facebook.com\/lacnic","article_published_time":"2025-09-02T18:04:56+00:00","article_modified_time":"2025-09-02T18:48:40+00:00","og_image":[{"width":680,"height":330,"url":"https:\/\/blog.lacnic.net\/wp-content\/uploads\/2025\/09\/transicion-ipv6-rfc.png","type":"image\/png"}],"author":"Gianni","twitter_card":"summary_large_image","twitter_creator":"@lacnic","twitter_site":"@lacnic","schema":{"@context":"https:\/\/schema.org","@graph":[{"@type":"Article","@id":"https:\/\/blog.lacnic.net\/pt-br\/a-decada-perdida-do-ipv6\/#article","isPartOf":{"@id":"https:\/\/blog.lacnic.net\/pt-br\/a-decada-perdida-do-ipv6\/"},"author":{"name":"Gianni","@id":"https:\/\/blog.lacnic.net\/#\/schema\/person\/1338d9cfdb0137e8bc5581f3771f39ab"},"headline":"A D\u00e9cada Perdida do IPv6","datePublished":"2025-09-02T18:04:56+00:00","dateModified":"2025-09-02T18:48:40+00:00","mainEntityOfPage":{"@id":"https:\/\/blog.lacnic.net\/pt-br\/a-decada-perdida-do-ipv6\/"},"wordCount":926,"commentCount":0,"publisher":{"@id":"https:\/\/blog.lacnic.net\/#organization"},"image":{"@id":"https:\/\/blog.lacnic.net\/pt-br\/a-decada-perdida-do-ipv6\/#primaryimage"},"thumbnailUrl":"https:\/\/blog.lacnic.net\/wp-content\/uploads\/2025\/09\/transicion-ipv6-rfc.png","keywords":["IPv6"],"articleSection":["IPv6"],"inLanguage":"pt-BR","potentialAction":[{"@type":"CommentAction","name":"Comment","target":["https:\/\/blog.lacnic.net\/pt-br\/a-decada-perdida-do-ipv6\/#respond"]}]},{"@type":"WebPage","@id":"https:\/\/blog.lacnic.net\/pt-br\/a-decada-perdida-do-ipv6\/","url":"https:\/\/blog.lacnic.net\/pt-br\/a-decada-perdida-do-ipv6\/","name":"LACNIC Blog | A D\u00e9cada Perdida do IPv6","isPartOf":{"@id":"https:\/\/blog.lacnic.net\/#website"},"primaryImageOfPage":{"@id":"https:\/\/blog.lacnic.net\/pt-br\/a-decada-perdida-do-ipv6\/#primaryimage"},"image":{"@id":"https:\/\/blog.lacnic.net\/pt-br\/a-decada-perdida-do-ipv6\/#primaryimage"},"thumbnailUrl":"https:\/\/blog.lacnic.net\/wp-content\/uploads\/2025\/09\/transicion-ipv6-rfc.png","datePublished":"2025-09-02T18:04:56+00:00","dateModified":"2025-09-02T18:48:40+00:00","breadcrumb":{"@id":"https:\/\/blog.lacnic.net\/pt-br\/a-decada-perdida-do-ipv6\/#breadcrumb"},"inLanguage":"pt-BR","potentialAction":[{"@type":"ReadAction","target":["https:\/\/blog.lacnic.net\/pt-br\/a-decada-perdida-do-ipv6\/"]}]},{"@type":"ImageObject","inLanguage":"pt-BR","@id":"https:\/\/blog.lacnic.net\/pt-br\/a-decada-perdida-do-ipv6\/#primaryimage","url":"https:\/\/blog.lacnic.net\/wp-content\/uploads\/2025\/09\/transicion-ipv6-rfc.png","contentUrl":"https:\/\/blog.lacnic.net\/wp-content\/uploads\/2025\/09\/transicion-ipv6-rfc.png","width":680,"height":330},{"@type":"BreadcrumbList","@id":"https:\/\/blog.lacnic.net\/pt-br\/a-decada-perdida-do-ipv6\/#breadcrumb","itemListElement":[{"@type":"ListItem","position":1,"name":"Portada","item":"https:\/\/blog.lacnic.net\/pt-br\/"},{"@type":"ListItem","position":2,"name":"A D\u00e9cada Perdida do IPv6"}]},{"@type":"WebSite","@id":"https:\/\/blog.lacnic.net\/#website","url":"https:\/\/blog.lacnic.net\/","name":"LACNIC Blog","description":"LACNIC Internet Community Newsletter","publisher":{"@id":"https:\/\/blog.lacnic.net\/#organization"},"potentialAction":[{"@type":"SearchAction","target":{"@type":"EntryPoint","urlTemplate":"https:\/\/blog.lacnic.net\/?s={search_term_string}"},"query-input":{"@type":"PropertyValueSpecification","valueRequired":true,"valueName":"search_term_string"}}],"inLanguage":"pt-BR"},{"@type":"Organization","@id":"https:\/\/blog.lacnic.net\/#organization","name":"LACNIC Blog","url":"https:\/\/blog.lacnic.net\/","logo":{"@type":"ImageObject","inLanguage":"pt-BR","@id":"https:\/\/blog.lacnic.net\/#\/schema\/logo\/image\/","url":"https:\/\/blog.lacnic.net\/wp-content\/uploads\/2023\/03\/lacnic-blog.svg","contentUrl":"https:\/\/blog.lacnic.net\/wp-content\/uploads\/2023\/03\/lacnic-blog.svg","caption":"LACNIC Blog"},"image":{"@id":"https:\/\/blog.lacnic.net\/#\/schema\/logo\/image\/"},"sameAs":["https:\/\/facebook.com\/lacnic","https:\/\/x.com\/lacnic","https:\/\/www.instagram.com\/lacnic\/?hl=es-la","https:\/\/uy.linkedin.com\/company\/lacnic","https:\/\/www.youtube.com\/user\/lacnicstaff","https:\/\/www.lacnic.net\/podcast"]},{"@type":"Person","@id":"https:\/\/blog.lacnic.net\/#\/schema\/person\/1338d9cfdb0137e8bc5581f3771f39ab","name":"Gianni","url":"https:\/\/blog.lacnic.net\/pt-br\/author\/gianni\/"}]}},"jetpack_publicize_connections":[],"jetpack_featured_media_url":"https:\/\/blog.lacnic.net\/wp-content\/uploads\/2025\/09\/transicion-ipv6-rfc.png","jetpack_sharing_enabled":true,"wpml_current_locale":"pt_BR","wpml_translations":[{"locale":"es_ES","id":30766,"post_title":"La d\u00e9cada perdida de IPv6","slug":"la-decada-perdida-de-ipv6","href":"https:\/\/blog.lacnic.net\/la-decada-perdida-de-ipv6\/"},{"locale":"en_US","id":30774,"post_title":"The Lost Decade of IPv6","slug":"the-lost-decade-of-ipv6","href":"https:\/\/blog.lacnic.net\/en\/the-lost-decade-of-ipv6\/"}],"_links":{"self":[{"href":"https:\/\/blog.lacnic.net\/pt-br\/wp-json\/wp\/v2\/posts\/30778","targetHints":{"allow":["GET"]}}],"collection":[{"href":"https:\/\/blog.lacnic.net\/pt-br\/wp-json\/wp\/v2\/posts"}],"about":[{"href":"https:\/\/blog.lacnic.net\/pt-br\/wp-json\/wp\/v2\/types\/post"}],"author":[{"embeddable":true,"href":"https:\/\/blog.lacnic.net\/pt-br\/wp-json\/wp\/v2\/users\/6"}],"replies":[{"embeddable":true,"href":"https:\/\/blog.lacnic.net\/pt-br\/wp-json\/wp\/v2\/comments?post=30778"}],"version-history":[{"count":3,"href":"https:\/\/blog.lacnic.net\/pt-br\/wp-json\/wp\/v2\/posts\/30778\/revisions"}],"predecessor-version":[{"id":30789,"href":"https:\/\/blog.lacnic.net\/pt-br\/wp-json\/wp\/v2\/posts\/30778\/revisions\/30789"}],"wp:featuredmedia":[{"embeddable":true,"href":"https:\/\/blog.lacnic.net\/pt-br\/wp-json\/wp\/v2\/media\/30772"}],"wp:attachment":[{"href":"https:\/\/blog.lacnic.net\/pt-br\/wp-json\/wp\/v2\/media?parent=30778"}],"wp:term":[{"taxonomy":"category","embeddable":true,"href":"https:\/\/blog.lacnic.net\/pt-br\/wp-json\/wp\/v2\/categories?post=30778"},{"taxonomy":"post_tag","embeddable":true,"href":"https:\/\/blog.lacnic.net\/pt-br\/wp-json\/wp\/v2\/tags?post=30778"},{"taxonomy":"archivo","embeddable":true,"href":"https:\/\/blog.lacnic.net\/pt-br\/wp-json\/wp\/v2\/archivo?post=30778"},{"taxonomy":"taxonomy-authors","embeddable":true,"href":"https:\/\/blog.lacnic.net\/pt-br\/wp-json\/wp\/v2\/taxonomy-authors?post=30778"},{"taxonomy":"tipo_autor","embeddable":true,"href":"https:\/\/blog.lacnic.net\/pt-br\/wp-json\/wp\/v2\/tipo_autor?post=30778"}],"curies":[{"name":"wp","href":"https:\/\/api.w.org\/{rel}","templated":true}]}}