{"id":30374,"date":"2025-07-29T18:27:44","date_gmt":"2025-07-29T18:27:44","guid":{"rendered":"https:\/\/blog.lacnic.net\/?p=30374"},"modified":"2025-07-29T18:30:35","modified_gmt":"2025-07-29T18:30:35","slug":"homenagem-digital-ipv6","status":"publish","type":"post","link":"https:\/\/blog.lacnic.net\/pt-br\/homenagem-digital-ipv6\/","title":{"rendered":"Quando os endere\u00e7os IP contam hist\u00f3rias: homenagem digital em IPv6"},"content":{"rendered":"\n<p>Por <a href=\"https:\/\/blog.lacnic.net\/pt-br\/autor\/alejandro-acosta\/\">Alejandro Acosta<\/a>, Coordenador de I+D na LACNIC<\/p>\n\n\n\n<h2 class=\"wp-block-heading\"><a><\/a>Introdu\u00e7\u00e3o<\/h2>\n\n\n\n<p>Esta postagem de blog \u00e9 baseada no <em>draft<\/em> da IETF: <a href=\"https:\/\/datatracker.ietf.org\/doc\/draft-richardson-in-memoriam\/\">https:\/\/datatracker.ietf.org\/doc\/draft-richardson-in-memoriam\/<\/a> e na troca de e-mails que pode ser acompanhada a partir <a href=\"https:\/\/mailarchive.ietf.org\/arch\/msg\/ietf\/7qIH-L_hSj-ZcXU7UdHlfd886Po\/\">aqui<\/a>.<\/p>\n\n\n\n<h2 class=\"wp-block-heading\">Contexto<\/h2>\n\n\n\n<p>O Internet Engineering Task Force (IETF) \u00e9 uma comunidade que tem moldado a pr\u00f3pria ess\u00eancia da Internet ao longo de d\u00e9cadas. Com a aproxima\u00e7\u00e3o do 40\u00ba anivers\u00e1rio do IETF em 2026, e uma hist\u00f3ria que se estende por mais de 55 anos na s\u00e9rie de RFCs, \u00e9 inevit\u00e1vel que muitos colaboradores-chave tenham se aposentado ou falecido. Embora figuras importantes como Jon Postel e Jun-ichiro Hagino tenham sido homenageadas com pr\u00eamios, os mecanismos atuais n\u00e3o s\u00e3o escal\u00e1veis para o n\u00famero crescente de pessoas que fizeram contribui\u00e7\u00f5es valiosas.<\/p>\n\n\n\n<p>Surge ent\u00e3o o \u201cdraft-richardson-in-memoriam-00 (escrito por Michael Richardson),\u201d um rascunho de proposta para a Internet que prop\u00f5e uma forma inovadora de reconhecer esses colaboradores importantes ap\u00f3s o seu falecimento: dedicar endere\u00e7os IPv6 espec\u00edficos como memoriais.<\/p>\n\n\n\n<h2 class=\"wp-block-heading\"><a><\/a>A proposta: um prefixo \/64 para a lembran\u00e7a*<\/h2>\n\n\n\n<p>A ideia principal por tr\u00e1s desse rascunho \u00e9 atribuir um prefixo IPv6 \/64 exclusivo a partir do registro de Uso Especial da IANA (IANA Special Use pool), especificamente para memoriais. Esse novo prefixo seria chamado de &#8220;Prefixo IETF In-Memoriam&#8221; (IETF In-Memoriam prefix) e envolveria a cria\u00e7\u00e3o de um novo sub-registro, mantido por meio do processo de aprova\u00e7\u00e3o do IESG.<\/p>\n\n\n\n<h2 class=\"wp-block-heading\"><a><\/a>Como funcionariam os memoriais digitais?<\/h2>\n\n\n\n<ul class=\"wp-block-list\">\n<li>Seriam estabelecidos um registro PTR e um registro TXT permanentes na zona ip6.arpa para cada indiv\u00edduo homenageado.<\/li>\n\n\n\n<li>Um registro TXT conteria o nome da pessoa e seus anos de vida (por exemplo, &#8220;Frederick J. Baker (28 de fevereiro de 1952 \u2013 18 de junho de 2025)&#8221;).<\/li>\n\n\n\n<li>Um segundo registro TXT forneceria uma URL com link para um obitu\u00e1rio ou uma p\u00e1gina relevante no IETF Datatracker (por exemplo, &#8220;https:\/\/pt.wikipedia.org\/wiki\/Fred_Baker_(engenheiro)&#8221; ou &#8220;https:\/\/datatracker.ietf.org\/person\/Fred%20Baker&#8221;).<\/li>\n<\/ul>\n\n\n\n<p>A proposta sugere at\u00e9 uma forma criativa de atribuir o pr\u00f3prio endere\u00e7o IPv6, utilizando os 64 bits inferiores para representar os n\u00fameros dos RFCs escritos pela pessoa. Por exemplo, Fred Baker, um autor prol\u00edfico com mais de 60 RFCs, poderia ter um endere\u00e7o como 2001:TBD:1220:2804:4595:8028, fazendo refer\u00eancia a alguns dos seus RFCs mais not\u00e1veis.<\/p>\n\n\n<section class=\"acf-view acf-view--id--21788 acf-view--object-id--30374\"><div class=\"acf-view__texto_fijo acf-view__row\"><div class=\"acf-view__texto_fijo-field acf-view__field\"><div class=\"acf-view__texto_fijo-choice acf-view__choice\">Leia tamb\u00e9m:<\/div><\/div><\/div><div class=\"acf-view__enlace acf-view__row\"><div class=\"acf-view__enlace-field acf-view__field\"><a target=\"_self\" class=\"acf-view__enlace-link acf-view__link\" href=\"https:\/\/blog.lacnic.net\/pt-br\/7-desafios-enfrentados-pelo-ipv6-e-como-eles-foram-resolvidos\/\">7 desafios enfrentados pelo IPv6 e como eles foram resolvidos<\/a><\/div><\/div><\/section>\n\n\n<h2 class=\"wp-block-heading\">Considera\u00e7\u00f5es-chave e feedback da comunidade<\/h2>\n\n\n\n<p>Como acontece com qualquer nova proposta no IETF, o rascunho gerou discuss\u00f5es e levantou considera\u00e7\u00f5es importantes dentro da comunidade:<\/p>\n\n\n\n<p><strong>Privacidade e sensibilidade:<\/strong> o rascunho enfatiza que as fam\u00edlias dos falecidos devem ser consultadas e aprovar o registro antes que ele se torne p\u00fablico, reconhecendo que essas informa\u00e7\u00f5es podem ser consideradas intrusivas ou privadas.<\/p>\n\n\n\n<p><strong>Seguran\u00e7a contra fraudes:<\/strong> para evitar memoriais falsos, recomenda-se ao IESG (Internet Engineering Steering Group) buscar m\u00faltiplas fontes de comprova\u00e7\u00e3o e agir com cautela diante de novas propostas, permitindo tempo suficiente para a verifica\u00e7\u00e3o dos fatos.<\/p>\n\n\n\n<p><strong>Encaixe dentro de &#8220;Protocolos ou Pr\u00e1ticas&#8221;:<\/strong> S. Moonesamy levantou a quest\u00e3o sobre se as solicita\u00e7\u00f5es na Se\u00e7\u00e3o 5 do rascunho se enquadram nas diretrizes do RFC 6890 para a reserva de blocos de endere\u00e7os com &#8220;prop\u00f3sitos especiais&#8221; para apoiar novos protocolos ou pr\u00e1ticas. Michael Richardson considera que isso seria considerado uma &#8220;pr\u00e1tica&#8221;.<\/p>\n\n\n\n<p><strong>Preocupa\u00e7\u00f5es sobre exclusividade e escalabilidade:<\/strong> Ross Finlayson expressou preocupa\u00e7\u00e3o de que reservar endere\u00e7os IPv6 dessa forma poderia parecer &#8220;exclusivo&#8221; ou &#8220;de panelinha&#8221;, e potencialmente ir contra o esp\u00edrito do IPv6. Ele questionou quem decidiria se um colaborador \u00e9 suficientemente &#8220;significativo&#8221; e sugeriu considerar essa abordagem para todos os membros falecidos (ou at\u00e9 mesmo vivos) do IETF, destacando a abund\u00e2ncia de espa\u00e7o no IPv6. Richardson respondeu diretamente a esses pontos, reconhecendo com humor como sendo &#8220;nossa panelinha&#8221; e reiterando que o espa\u00e7o IPv6 n\u00e3o \u00e9 escasso, o que poderia ajudar as pessoas a se lembrarem desse fato. Ele tamb\u00e9m observou que caberia ao IESG decidir sobre a signific\u00e2ncia e acolheu propostas para ampliar o escopo.<\/p>\n\n\n\n<p><strong>Uso do endere\u00e7o:<\/strong> Finlayson tamb\u00e9m questionou sobre o comportamento esperado caso um endere\u00e7o memorial desse tipo fosse usado como destino em um pacote IPv6. Richardson esclareceu que o espa\u00e7o de Prop\u00f3sito Especial (2001::\/23), do qual esse prefixo seria extra\u00eddo, geralmente n\u00e3o \u00e9 destinado a aparecer no campo de destino de pacotes na Zona Livre por Padr\u00e3o (Default Free Zone, DFZ).<\/p>\n\n\n\n<p>Esta proposta oferece uma forma \u00fanica e tecnicamente fundamentada de homenagear aqueles que ajudaram a moldar a Internet. Destaca a imensid\u00e3o do espa\u00e7o de endere\u00e7amento IPv6 e aproveita a infraestrutura DNS para criar um legado digital duradouro para os principais contribuintes do IETF. As discuss\u00f5es em torno dela tamb\u00e9m refletem a natureza rigorosa e detalhista do processo colaborativo do IETF.<\/p>\n\n\n\n<p>Algo n\u00e3o menos importante \u00e9 que deve haver garantias de que a pessoa homenageada tenha realmente falecido.<\/p>\n\n\n\n<p>Uma parte de mim se pergunta se esse tipo de iniciativa por parte do IETF n\u00e3o poderia, indiretamente, estimular um pouco mais a atividade e a colabora\u00e7\u00e3o dentro do IETF \u2014 ou seja, motivar as pessoas pelo desejo de deixar um legado digital.<\/p>\n\n\n\n<h2 class=\"wp-block-heading\">Conclus\u00f5es<\/h2>\n\n\n\n<p>Esta proposta representa uma forma inovadora e respeitosa de prestar homenagem a contribuintes importantes da Internet, utilizando recursos t\u00e9cnicos j\u00e1 existentes (IPv6 e DNS) para criar um legado digital duradouro, ao mesmo tempo em que mant\u00e9m um processo rigoroso e aberto \u00e0 comunidade.<\/p>\n","protected":false},"excerpt":{"rendered":"<p>Por Alejandro Acosta, Coordenador de I+D na LACNIC Introdu\u00e7\u00e3o Esta postagem de blog \u00e9 baseada no draft da IETF: https:\/\/datatracker.ietf.org\/doc\/draft-richardson-in-memoriam\/ e na troca de e-mails que pode ser acompanhada a partir aqui. Contexto O Internet Engineering Task Force (IETF) \u00e9 uma comunidade que tem moldado a pr\u00f3pria ess\u00eancia da Internet ao longo de d\u00e9cadas. Com [&hellip;]<\/p>\n","protected":false},"author":6,"featured_media":30371,"comment_status":"open","ping_status":"open","sticky":false,"template":"","format":"standard","meta":{"_acf_changed":false,"_jetpack_memberships_contains_paid_content":false,"footnotes":"","jetpack_publicize_message":"","jetpack_publicize_feature_enabled":true,"jetpack_social_post_already_shared":true,"jetpack_social_options":{"image_generator_settings":{"template":"highway","enabled":false},"version":2}},"categories":[532],"tags":[1305],"archivo":[1346,1452],"taxonomy-authors":[1247],"tipo_autor":[],"class_list":["post-30374","post","type-post","status-publish","format-standard","has-post-thumbnail","hentry","category-ipv6","tag-ipv6","archivo-edicoes-anteriores","archivo-destaques-2023","taxonomy-authors-alejandro-acosta-pt-br"],"acf":{"author":"","related_notes":""},"yoast_head":"<!-- This site is optimized with the Yoast SEO plugin v27.0 - https:\/\/yoast.com\/product\/yoast-seo-wordpress\/ -->\n<title>LACNIC Blog | Quando os endere\u00e7os IP contam hist\u00f3rias: homenagem digital em IPv6<\/title>\n<meta name=\"robots\" content=\"index, follow, max-snippet:-1, max-image-preview:large, max-video-preview:-1\" \/>\n<link rel=\"canonical\" href=\"https:\/\/blog.lacnic.net\/pt-br\/homenagem-digital-ipv6\/\" \/>\n<meta property=\"og:locale\" content=\"pt_BR\" \/>\n<meta property=\"og:type\" content=\"article\" \/>\n<meta property=\"og:title\" content=\"LACNIC Blog | Quando os endere\u00e7os IP contam hist\u00f3rias: homenagem digital em IPv6\" \/>\n<meta property=\"og:description\" content=\"Por Alejandro Acosta, Coordenador de I+D na LACNIC Introdu\u00e7\u00e3o Esta postagem de blog \u00e9 baseada no draft da IETF: https:\/\/datatracker.ietf.org\/doc\/draft-richardson-in-memoriam\/ e na troca de e-mails que pode ser acompanhada a partir aqui. Contexto O Internet Engineering Task Force (IETF) \u00e9 uma comunidade que tem moldado a pr\u00f3pria ess\u00eancia da Internet ao longo de d\u00e9cadas. Com [&hellip;]\" \/>\n<meta property=\"og:url\" content=\"https:\/\/blog.lacnic.net\/pt-br\/homenagem-digital-ipv6\/\" \/>\n<meta property=\"og:site_name\" content=\"LACNIC Blog\" \/>\n<meta property=\"article:publisher\" content=\"https:\/\/facebook.com\/lacnic\" \/>\n<meta property=\"article:published_time\" content=\"2025-07-29T18:27:44+00:00\" \/>\n<meta property=\"article:modified_time\" content=\"2025-07-29T18:30:35+00:00\" \/>\n<meta property=\"og:image\" content=\"https:\/\/blog.lacnic.net\/wp-content\/uploads\/2025\/07\/64-ipv6-ietf-iana-2025.png\" \/>\n\t<meta property=\"og:image:width\" content=\"680\" \/>\n\t<meta property=\"og:image:height\" content=\"330\" \/>\n\t<meta property=\"og:image:type\" content=\"image\/png\" \/>\n<meta name=\"author\" content=\"Gianni\" \/>\n<meta name=\"twitter:card\" content=\"summary_large_image\" \/>\n<meta name=\"twitter:creator\" content=\"@lacnic\" \/>\n<meta name=\"twitter:site\" content=\"@lacnic\" \/>\n<script type=\"application\/ld+json\" class=\"yoast-schema-graph\">{\"@context\":\"https:\/\/schema.org\",\"@graph\":[{\"@type\":\"Article\",\"@id\":\"https:\/\/blog.lacnic.net\/pt-br\/homenagem-digital-ipv6\/#article\",\"isPartOf\":{\"@id\":\"https:\/\/blog.lacnic.net\/pt-br\/homenagem-digital-ipv6\/\"},\"author\":{\"name\":\"Gianni\",\"@id\":\"https:\/\/blog.lacnic.net\/#\/schema\/person\/1338d9cfdb0137e8bc5581f3771f39ab\"},\"headline\":\"Quando os endere\u00e7os IP contam hist\u00f3rias: homenagem digital em IPv6\",\"datePublished\":\"2025-07-29T18:27:44+00:00\",\"dateModified\":\"2025-07-29T18:30:35+00:00\",\"mainEntityOfPage\":{\"@id\":\"https:\/\/blog.lacnic.net\/pt-br\/homenagem-digital-ipv6\/\"},\"wordCount\":926,\"commentCount\":0,\"publisher\":{\"@id\":\"https:\/\/blog.lacnic.net\/#organization\"},\"image\":{\"@id\":\"https:\/\/blog.lacnic.net\/pt-br\/homenagem-digital-ipv6\/#primaryimage\"},\"thumbnailUrl\":\"https:\/\/blog.lacnic.net\/wp-content\/uploads\/2025\/07\/64-ipv6-ietf-iana-2025.png\",\"keywords\":[\"IPv6\"],\"articleSection\":[\"IPv6\"],\"inLanguage\":\"pt-BR\",\"potentialAction\":[{\"@type\":\"CommentAction\",\"name\":\"Comment\",\"target\":[\"https:\/\/blog.lacnic.net\/pt-br\/homenagem-digital-ipv6\/#respond\"]}]},{\"@type\":\"WebPage\",\"@id\":\"https:\/\/blog.lacnic.net\/pt-br\/homenagem-digital-ipv6\/\",\"url\":\"https:\/\/blog.lacnic.net\/pt-br\/homenagem-digital-ipv6\/\",\"name\":\"LACNIC Blog | Quando os endere\u00e7os IP contam hist\u00f3rias: homenagem digital em IPv6\",\"isPartOf\":{\"@id\":\"https:\/\/blog.lacnic.net\/#website\"},\"primaryImageOfPage\":{\"@id\":\"https:\/\/blog.lacnic.net\/pt-br\/homenagem-digital-ipv6\/#primaryimage\"},\"image\":{\"@id\":\"https:\/\/blog.lacnic.net\/pt-br\/homenagem-digital-ipv6\/#primaryimage\"},\"thumbnailUrl\":\"https:\/\/blog.lacnic.net\/wp-content\/uploads\/2025\/07\/64-ipv6-ietf-iana-2025.png\",\"datePublished\":\"2025-07-29T18:27:44+00:00\",\"dateModified\":\"2025-07-29T18:30:35+00:00\",\"breadcrumb\":{\"@id\":\"https:\/\/blog.lacnic.net\/pt-br\/homenagem-digital-ipv6\/#breadcrumb\"},\"inLanguage\":\"pt-BR\",\"potentialAction\":[{\"@type\":\"ReadAction\",\"target\":[\"https:\/\/blog.lacnic.net\/pt-br\/homenagem-digital-ipv6\/\"]}]},{\"@type\":\"ImageObject\",\"inLanguage\":\"pt-BR\",\"@id\":\"https:\/\/blog.lacnic.net\/pt-br\/homenagem-digital-ipv6\/#primaryimage\",\"url\":\"https:\/\/blog.lacnic.net\/wp-content\/uploads\/2025\/07\/64-ipv6-ietf-iana-2025.png\",\"contentUrl\":\"https:\/\/blog.lacnic.net\/wp-content\/uploads\/2025\/07\/64-ipv6-ietf-iana-2025.png\",\"width\":680,\"height\":330},{\"@type\":\"BreadcrumbList\",\"@id\":\"https:\/\/blog.lacnic.net\/pt-br\/homenagem-digital-ipv6\/#breadcrumb\",\"itemListElement\":[{\"@type\":\"ListItem\",\"position\":1,\"name\":\"Portada\",\"item\":\"https:\/\/blog.lacnic.net\/pt-br\/\"},{\"@type\":\"ListItem\",\"position\":2,\"name\":\"Quando os endere\u00e7os IP contam hist\u00f3rias: homenagem digital em IPv6\"}]},{\"@type\":\"WebSite\",\"@id\":\"https:\/\/blog.lacnic.net\/#website\",\"url\":\"https:\/\/blog.lacnic.net\/\",\"name\":\"LACNIC Blog\",\"description\":\"LACNIC Internet Community Newsletter\",\"publisher\":{\"@id\":\"https:\/\/blog.lacnic.net\/#organization\"},\"potentialAction\":[{\"@type\":\"SearchAction\",\"target\":{\"@type\":\"EntryPoint\",\"urlTemplate\":\"https:\/\/blog.lacnic.net\/?s={search_term_string}\"},\"query-input\":{\"@type\":\"PropertyValueSpecification\",\"valueRequired\":true,\"valueName\":\"search_term_string\"}}],\"inLanguage\":\"pt-BR\"},{\"@type\":\"Organization\",\"@id\":\"https:\/\/blog.lacnic.net\/#organization\",\"name\":\"LACNIC Blog\",\"url\":\"https:\/\/blog.lacnic.net\/\",\"logo\":{\"@type\":\"ImageObject\",\"inLanguage\":\"pt-BR\",\"@id\":\"https:\/\/blog.lacnic.net\/#\/schema\/logo\/image\/\",\"url\":\"https:\/\/blog.lacnic.net\/wp-content\/uploads\/2023\/03\/lacnic-blog.svg\",\"contentUrl\":\"https:\/\/blog.lacnic.net\/wp-content\/uploads\/2023\/03\/lacnic-blog.svg\",\"caption\":\"LACNIC Blog\"},\"image\":{\"@id\":\"https:\/\/blog.lacnic.net\/#\/schema\/logo\/image\/\"},\"sameAs\":[\"https:\/\/facebook.com\/lacnic\",\"https:\/\/x.com\/lacnic\",\"https:\/\/www.instagram.com\/lacnic\/?hl=es-la\",\"https:\/\/uy.linkedin.com\/company\/lacnic\",\"https:\/\/www.youtube.com\/user\/lacnicstaff\",\"https:\/\/www.lacnic.net\/podcast\"]},{\"@type\":\"Person\",\"@id\":\"https:\/\/blog.lacnic.net\/#\/schema\/person\/1338d9cfdb0137e8bc5581f3771f39ab\",\"name\":\"Gianni\",\"url\":\"https:\/\/blog.lacnic.net\/pt-br\/author\/gianni\/\"}]}<\/script>\n<!-- \/ Yoast SEO plugin. -->","yoast_head_json":{"title":"LACNIC Blog | Quando os endere\u00e7os IP contam hist\u00f3rias: homenagem digital em IPv6","robots":{"index":"index","follow":"follow","max-snippet":"max-snippet:-1","max-image-preview":"max-image-preview:large","max-video-preview":"max-video-preview:-1"},"canonical":"https:\/\/blog.lacnic.net\/pt-br\/homenagem-digital-ipv6\/","og_locale":"pt_BR","og_type":"article","og_title":"LACNIC Blog | Quando os endere\u00e7os IP contam hist\u00f3rias: homenagem digital em IPv6","og_description":"Por Alejandro Acosta, Coordenador de I+D na LACNIC Introdu\u00e7\u00e3o Esta postagem de blog \u00e9 baseada no draft da IETF: https:\/\/datatracker.ietf.org\/doc\/draft-richardson-in-memoriam\/ e na troca de e-mails que pode ser acompanhada a partir aqui. Contexto O Internet Engineering Task Force (IETF) \u00e9 uma comunidade que tem moldado a pr\u00f3pria ess\u00eancia da Internet ao longo de d\u00e9cadas. Com [&hellip;]","og_url":"https:\/\/blog.lacnic.net\/pt-br\/homenagem-digital-ipv6\/","og_site_name":"LACNIC Blog","article_publisher":"https:\/\/facebook.com\/lacnic","article_published_time":"2025-07-29T18:27:44+00:00","article_modified_time":"2025-07-29T18:30:35+00:00","og_image":[{"width":680,"height":330,"url":"https:\/\/blog.lacnic.net\/wp-content\/uploads\/2025\/07\/64-ipv6-ietf-iana-2025.png","type":"image\/png"}],"author":"Gianni","twitter_card":"summary_large_image","twitter_creator":"@lacnic","twitter_site":"@lacnic","schema":{"@context":"https:\/\/schema.org","@graph":[{"@type":"Article","@id":"https:\/\/blog.lacnic.net\/pt-br\/homenagem-digital-ipv6\/#article","isPartOf":{"@id":"https:\/\/blog.lacnic.net\/pt-br\/homenagem-digital-ipv6\/"},"author":{"name":"Gianni","@id":"https:\/\/blog.lacnic.net\/#\/schema\/person\/1338d9cfdb0137e8bc5581f3771f39ab"},"headline":"Quando os endere\u00e7os IP contam hist\u00f3rias: homenagem digital em IPv6","datePublished":"2025-07-29T18:27:44+00:00","dateModified":"2025-07-29T18:30:35+00:00","mainEntityOfPage":{"@id":"https:\/\/blog.lacnic.net\/pt-br\/homenagem-digital-ipv6\/"},"wordCount":926,"commentCount":0,"publisher":{"@id":"https:\/\/blog.lacnic.net\/#organization"},"image":{"@id":"https:\/\/blog.lacnic.net\/pt-br\/homenagem-digital-ipv6\/#primaryimage"},"thumbnailUrl":"https:\/\/blog.lacnic.net\/wp-content\/uploads\/2025\/07\/64-ipv6-ietf-iana-2025.png","keywords":["IPv6"],"articleSection":["IPv6"],"inLanguage":"pt-BR","potentialAction":[{"@type":"CommentAction","name":"Comment","target":["https:\/\/blog.lacnic.net\/pt-br\/homenagem-digital-ipv6\/#respond"]}]},{"@type":"WebPage","@id":"https:\/\/blog.lacnic.net\/pt-br\/homenagem-digital-ipv6\/","url":"https:\/\/blog.lacnic.net\/pt-br\/homenagem-digital-ipv6\/","name":"LACNIC Blog | Quando os endere\u00e7os IP contam hist\u00f3rias: homenagem digital em IPv6","isPartOf":{"@id":"https:\/\/blog.lacnic.net\/#website"},"primaryImageOfPage":{"@id":"https:\/\/blog.lacnic.net\/pt-br\/homenagem-digital-ipv6\/#primaryimage"},"image":{"@id":"https:\/\/blog.lacnic.net\/pt-br\/homenagem-digital-ipv6\/#primaryimage"},"thumbnailUrl":"https:\/\/blog.lacnic.net\/wp-content\/uploads\/2025\/07\/64-ipv6-ietf-iana-2025.png","datePublished":"2025-07-29T18:27:44+00:00","dateModified":"2025-07-29T18:30:35+00:00","breadcrumb":{"@id":"https:\/\/blog.lacnic.net\/pt-br\/homenagem-digital-ipv6\/#breadcrumb"},"inLanguage":"pt-BR","potentialAction":[{"@type":"ReadAction","target":["https:\/\/blog.lacnic.net\/pt-br\/homenagem-digital-ipv6\/"]}]},{"@type":"ImageObject","inLanguage":"pt-BR","@id":"https:\/\/blog.lacnic.net\/pt-br\/homenagem-digital-ipv6\/#primaryimage","url":"https:\/\/blog.lacnic.net\/wp-content\/uploads\/2025\/07\/64-ipv6-ietf-iana-2025.png","contentUrl":"https:\/\/blog.lacnic.net\/wp-content\/uploads\/2025\/07\/64-ipv6-ietf-iana-2025.png","width":680,"height":330},{"@type":"BreadcrumbList","@id":"https:\/\/blog.lacnic.net\/pt-br\/homenagem-digital-ipv6\/#breadcrumb","itemListElement":[{"@type":"ListItem","position":1,"name":"Portada","item":"https:\/\/blog.lacnic.net\/pt-br\/"},{"@type":"ListItem","position":2,"name":"Quando os endere\u00e7os IP contam hist\u00f3rias: homenagem digital em IPv6"}]},{"@type":"WebSite","@id":"https:\/\/blog.lacnic.net\/#website","url":"https:\/\/blog.lacnic.net\/","name":"LACNIC Blog","description":"LACNIC Internet Community Newsletter","publisher":{"@id":"https:\/\/blog.lacnic.net\/#organization"},"potentialAction":[{"@type":"SearchAction","target":{"@type":"EntryPoint","urlTemplate":"https:\/\/blog.lacnic.net\/?s={search_term_string}"},"query-input":{"@type":"PropertyValueSpecification","valueRequired":true,"valueName":"search_term_string"}}],"inLanguage":"pt-BR"},{"@type":"Organization","@id":"https:\/\/blog.lacnic.net\/#organization","name":"LACNIC Blog","url":"https:\/\/blog.lacnic.net\/","logo":{"@type":"ImageObject","inLanguage":"pt-BR","@id":"https:\/\/blog.lacnic.net\/#\/schema\/logo\/image\/","url":"https:\/\/blog.lacnic.net\/wp-content\/uploads\/2023\/03\/lacnic-blog.svg","contentUrl":"https:\/\/blog.lacnic.net\/wp-content\/uploads\/2023\/03\/lacnic-blog.svg","caption":"LACNIC Blog"},"image":{"@id":"https:\/\/blog.lacnic.net\/#\/schema\/logo\/image\/"},"sameAs":["https:\/\/facebook.com\/lacnic","https:\/\/x.com\/lacnic","https:\/\/www.instagram.com\/lacnic\/?hl=es-la","https:\/\/uy.linkedin.com\/company\/lacnic","https:\/\/www.youtube.com\/user\/lacnicstaff","https:\/\/www.lacnic.net\/podcast"]},{"@type":"Person","@id":"https:\/\/blog.lacnic.net\/#\/schema\/person\/1338d9cfdb0137e8bc5581f3771f39ab","name":"Gianni","url":"https:\/\/blog.lacnic.net\/pt-br\/author\/gianni\/"}]}},"jetpack_publicize_connections":[],"jetpack_featured_media_url":"https:\/\/blog.lacnic.net\/wp-content\/uploads\/2025\/07\/64-ipv6-ietf-iana-2025.png","jetpack_sharing_enabled":true,"wpml_current_locale":"pt_BR","wpml_translations":[{"locale":"es_ES","id":30365,"post_title":"Cuando las direcciones IP cuentan historias: homenaje digital en IPv6","slug":"homenaje-digital-en-ipv6","href":"https:\/\/blog.lacnic.net\/homenaje-digital-en-ipv6\/"},{"locale":"en_US","id":30367,"post_title":"When IP Addresses Tell Stories: A Digital Tribute in IPv6","slug":"ipv6-digital-memorial","href":"https:\/\/blog.lacnic.net\/en\/ipv6-digital-memorial\/"}],"_links":{"self":[{"href":"https:\/\/blog.lacnic.net\/pt-br\/wp-json\/wp\/v2\/posts\/30374","targetHints":{"allow":["GET"]}}],"collection":[{"href":"https:\/\/blog.lacnic.net\/pt-br\/wp-json\/wp\/v2\/posts"}],"about":[{"href":"https:\/\/blog.lacnic.net\/pt-br\/wp-json\/wp\/v2\/types\/post"}],"author":[{"embeddable":true,"href":"https:\/\/blog.lacnic.net\/pt-br\/wp-json\/wp\/v2\/users\/6"}],"replies":[{"embeddable":true,"href":"https:\/\/blog.lacnic.net\/pt-br\/wp-json\/wp\/v2\/comments?post=30374"}],"version-history":[{"count":3,"href":"https:\/\/blog.lacnic.net\/pt-br\/wp-json\/wp\/v2\/posts\/30374\/revisions"}],"predecessor-version":[{"id":30382,"href":"https:\/\/blog.lacnic.net\/pt-br\/wp-json\/wp\/v2\/posts\/30374\/revisions\/30382"}],"wp:featuredmedia":[{"embeddable":true,"href":"https:\/\/blog.lacnic.net\/pt-br\/wp-json\/wp\/v2\/media\/30371"}],"wp:attachment":[{"href":"https:\/\/blog.lacnic.net\/pt-br\/wp-json\/wp\/v2\/media?parent=30374"}],"wp:term":[{"taxonomy":"category","embeddable":true,"href":"https:\/\/blog.lacnic.net\/pt-br\/wp-json\/wp\/v2\/categories?post=30374"},{"taxonomy":"post_tag","embeddable":true,"href":"https:\/\/blog.lacnic.net\/pt-br\/wp-json\/wp\/v2\/tags?post=30374"},{"taxonomy":"archivo","embeddable":true,"href":"https:\/\/blog.lacnic.net\/pt-br\/wp-json\/wp\/v2\/archivo?post=30374"},{"taxonomy":"taxonomy-authors","embeddable":true,"href":"https:\/\/blog.lacnic.net\/pt-br\/wp-json\/wp\/v2\/taxonomy-authors?post=30374"},{"taxonomy":"tipo_autor","embeddable":true,"href":"https:\/\/blog.lacnic.net\/pt-br\/wp-json\/wp\/v2\/tipo_autor?post=30374"}],"curies":[{"name":"wp","href":"https:\/\/api.w.org\/{rel}","templated":true}]}}