{"id":29705,"date":"2025-05-13T15:20:01","date_gmt":"2025-05-13T15:20:01","guid":{"rendered":"https:\/\/blog.lacnic.net\/?p=29705"},"modified":"2025-05-15T19:17:55","modified_gmt":"2025-05-15T19:17:55","slug":"conectividade-cabos-submarinos","status":"publish","type":"post","link":"https:\/\/blog.lacnic.net\/pt-br\/conectividade-cabos-submarinos\/","title":{"rendered":"Conectividade na Am\u00e9rica Latina: o futuro da largura de banda e dos cabos submarinos"},"content":{"rendered":"\n<p>Por <a href=\"https:\/\/blog.lacnic.net\/pt-br\/autor\/juan-velandia\/\">Juan Velandia<\/a>, Analistas da Telegeography<\/p>\n\n\n\n<p><strong>A demanda por largura de banda est\u00e1 diminuindo, mas continua sendo forte<\/strong><strong><\/strong><\/p>\n\n\n\n<p>Na Am\u00e9rica Latina, a demanda internacional por largura de banda continua aumentando, embora as taxas de crescimento estejam desacelerando de forma constante. Isso reflete amplamente as tend\u00eancias da demanda internacional de largura de banda observadas em n\u00edvel global, onde o crescimento anual caiu abaixo de 30% em 2024. Poderia ser que a exist\u00eancia de mais conte\u00fado localizado em centros regionais, como S\u00e3o Paulo, tenha reduzido a necessidade de capacidade internacional e, portanto, afetado o crescimento da demanda. Tamb\u00e9m poder\u00edamos estar entrando em uma nova fase de desenvolvimento da rede na Am\u00e9rica Latina e, em geral, \u00e0 medida que os mercados se tornam mais maduros, espera-se que as taxas de crescimento diminuam (como vimos na Europa, por exemplo). Mesmo com a queda dessas taxas de crescimento, a demanda agregada na Am\u00e9rica Latina e o Caribe mais que triplicou entre 2020 e 2024.<\/p>\n\n\n\n<figure class=\"wp-block-image size-large\"><img decoding=\"async\" width=\"1024\" height=\"420\" src=\"https:\/\/blog.lacnic.net\/wp-content\/uploads\/2025\/05\/001-1024x420.png\" alt=\"\" class=\"wp-image-29689\" srcset=\"https:\/\/blog.lacnic.net\/wp-content\/uploads\/2025\/05\/001-1024x420.png 1024w, https:\/\/blog.lacnic.net\/wp-content\/uploads\/2025\/05\/001-300x123.png 300w, https:\/\/blog.lacnic.net\/wp-content\/uploads\/2025\/05\/001-680x279.png 680w, https:\/\/blog.lacnic.net\/wp-content\/uploads\/2025\/05\/001-768x315.png 768w, https:\/\/blog.lacnic.net\/wp-content\/uploads\/2025\/05\/001.png 1430w\" sizes=\"(max-width: 1024px) 100vw, 1024px\" \/><\/figure>\n\n\n\n<p>Fonte: Servi\u00e7os de Pesquisa TeleGeography sobre Redes de Transporte e Previs\u00f5es sobre Redes de Transporte<\/p>\n\n\n\n<p><strong>Provedores de conte\u00fado: o motor que impulsiona a demanda<\/strong><strong><\/strong><\/p>\n\n\n\n<p>Em 2024, os provedores de conte\u00fado finalmente ultrapassaram os provedores de backbone da Internet para se tornarem a principal fonte de largura de banda usada na rota EUA-Am\u00e9rica Latina. A demanda dos provedores de conte\u00fado atingiu uma impressionante taxa de crescimento anual composta (TCAC) de 50% entre 2020 e 2024, alcan\u00e7ando mais de 90 Tbps em 2024. Em compara\u00e7\u00e3o, os provedores de backbone da Internet s\u00f3 tiveram uma TCAC de 21% durante esse per\u00edodo. Apesar de todo esse crescimento dos provedores de conte\u00fado, \u00e9 importante n\u00e3o ignorar o papel fundamental que os ISP continuam desempenhando na Am\u00e9rica Latina. Conforme mostrado no gr\u00e1fico abaixo, os provedores de backbone da Internet continuam representando uma grande parte da largura de banda usada na rota EUA-Am\u00e9rica Latina.<\/p>\n\n\n\n<figure class=\"wp-block-image size-large\"><img decoding=\"async\" width=\"1024\" height=\"538\" src=\"https:\/\/blog.lacnic.net\/wp-content\/uploads\/2025\/05\/002-1024x538.png\" alt=\"\" class=\"wp-image-29692\" srcset=\"https:\/\/blog.lacnic.net\/wp-content\/uploads\/2025\/05\/002-1024x538.png 1024w, https:\/\/blog.lacnic.net\/wp-content\/uploads\/2025\/05\/002-300x158.png 300w, https:\/\/blog.lacnic.net\/wp-content\/uploads\/2025\/05\/002-628x330.png 628w, https:\/\/blog.lacnic.net\/wp-content\/uploads\/2025\/05\/002-768x404.png 768w, https:\/\/blog.lacnic.net\/wp-content\/uploads\/2025\/05\/002.png 1219w\" sizes=\"(max-width: 1024px) 100vw, 1024px\" \/><\/figure>\n\n\n\n<p>Fonte: Servi\u00e7o de Pesquisa de Redes de Transporte de TeleGeography<\/p>\n\n\n\n<p><strong>O uso de dados continua aumentando<\/strong><strong><\/strong><\/p>\n\n\n\n<p>O que est\u00e1 impulsionando realmente o crescimento da demanda por largura de banda na Am\u00e9rica Latina? No gr\u00e1fico abaixo voc\u00ea pode ver o crescimento de assinantes, o uso m\u00e9dio de dados por assinante e o consumo total de dados, tanto nos dispositivos fixos quanto m\u00f3veis. A regi\u00e3o continua ganhando novos assinantes a taxas muito modestas para dispositivos fixos e m\u00f3veis. A maior parte do crescimento vem de um aumento no uso m\u00e9dio de dados por assinante. Os dispositivos m\u00f3veis atingiram uma taxa de crescimento anual composta (TCAC) de mais de 25% entre 2020 e 2024 no uso m\u00e9dio de dados por assinante, enquanto os dispositivos fixos atingiram uma TCAC de cerca de 15% durante esse per\u00edodo. \u00c0 medida que adotamos novas tecnologias e aplicativos que exigem cada vez mais largura de banda, \u00e9 de esperar que o uso total de dados continue aumentando, mesmo que o crescimento de novos assinantes se estabilize.&nbsp;&nbsp;<\/p>\n\n\n\n<figure class=\"wp-block-image size-full\"><img decoding=\"async\" width=\"936\" height=\"476\" src=\"https:\/\/blog.lacnic.net\/wp-content\/uploads\/2025\/05\/003.png\" alt=\"\" class=\"wp-image-29695\" srcset=\"https:\/\/blog.lacnic.net\/wp-content\/uploads\/2025\/05\/003.png 936w, https:\/\/blog.lacnic.net\/wp-content\/uploads\/2025\/05\/003-300x153.png 300w, https:\/\/blog.lacnic.net\/wp-content\/uploads\/2025\/05\/003-649x330.png 649w, https:\/\/blog.lacnic.net\/wp-content\/uploads\/2025\/05\/003-768x391.png 768w\" sizes=\"(max-width: 936px) 100vw, 936px\" \/><\/figure>\n\n\n\n<p>Fonte: Servi\u00e7o de Pesquisa de Redes de Transporte de TeleGeography<\/p>\n\n\n\n<p><strong>Novos projetos de cabos submarinos para a Am\u00e9rica Latina<\/strong><strong><\/strong><\/p>\n\n\n\n<p>Ap\u00f3s v\u00e1rios anos de relativamente poucos projetos de cabos submarinos na Am\u00e9rica Latina, o cen\u00e1rio est\u00e1 come\u00e7ando a mudar. V\u00e1rios sistemas de cabos submarinos est\u00e3o em processo de planejamento, com alguns cabos quase prontos para come\u00e7ar a ser instalados no fundo do oceano.<\/p>\n\n\n\n<p>A maioria desses projetos continuar\u00e1 fornecendo uma conex\u00e3o direta com os Estados Unidos. TAM-1 e Firmina ser\u00e3o os primeiros da fila; espera-se que ambos os projetos entrem em servi\u00e7o em 2025. Os cabos CSN-1, CSN-2 e TIKAL-AMX3 deveriam estar prontos em 2026 e o \u200b\u200bcabo MANTA em 2027. Esta n\u00e3o \u00e9 de forma alguma uma lista exaustiva dos novos cabos submarinos na regi\u00e3o, mas ajuda a destacar a nova e empolgante infraestrutura submarina que chegar\u00e1 \u00e0 Am\u00e9rica Latina em um futuro pr\u00f3ximo.<\/p>\n\n\n\n<p>Esses cabos novos ajudar\u00e3o a atender \u00e0 crescente demanda por largura de banda na Am\u00e9rica Latina, al\u00e9m de atender \u00e0 necessidade de substituir alguns dos sistemas de cabos mais antigos da regi\u00e3o. Normalmente, os cabos submarinos s\u00e3o projetados para ter uma vida \u00fatil m\u00ednima de 25 anos. No entanto, a vida \u00fatil real pode ser diferente, uma vez que est\u00e1 mais relacionada \u00e0 vida \u00fatil econ\u00f4mica do cabo (quer dizer, quando as receitas do cabo excedem seus custos). Ainda assim, \u00e9 importante observar o n\u00famero de cabos na Am\u00e9rica Latina e o Caribe que est\u00e3o se aproximando ou que recentemente ultrapassaram esse limite de 25 anos (veja a figura abaixo). Isso sugere que, at\u00e9 o final desta d\u00e9cada, alguns desses sistemas ser\u00e3o desativados e substitu\u00eddos.<\/p>\n\n\n\n<figure class=\"wp-block-image size-large\"><img decoding=\"async\" width=\"1024\" height=\"512\" src=\"https:\/\/blog.lacnic.net\/wp-content\/uploads\/2025\/05\/004-1024x512.png\" alt=\"\" class=\"wp-image-29698\" srcset=\"https:\/\/blog.lacnic.net\/wp-content\/uploads\/2025\/05\/004-1024x512.png 1024w, https:\/\/blog.lacnic.net\/wp-content\/uploads\/2025\/05\/004-300x150.png 300w, https:\/\/blog.lacnic.net\/wp-content\/uploads\/2025\/05\/004-660x330.png 660w, https:\/\/blog.lacnic.net\/wp-content\/uploads\/2025\/05\/004-768x384.png 768w, https:\/\/blog.lacnic.net\/wp-content\/uploads\/2025\/05\/004.png 1430w\" sizes=\"(max-width: 1024px) 100vw, 1024px\" \/><\/figure>\n\n\n\n<p>Fonte: Servi\u00e7o de Pesquisa de Redes de Transporte de TeleGeography<\/p>\n\n\n\n<p>Essa informa\u00e7\u00e3o j\u00e1 est\u00e1 sendo incorporada \u00e0 nossa <a href=\"https:\/\/www2.telegeography.com\/en\/our-research\">pesquisa<\/a>. Recomendamos dar uma olhada as nossas atualiza\u00e7\u00f5es mais recentes para ver esses dados em a\u00e7\u00e3o.<\/p>\n","protected":false},"excerpt":{"rendered":"<p>Por Juan Velandia, Analistas da Telegeography A demanda por largura de banda est\u00e1 diminuindo, mas continua sendo forte Na Am\u00e9rica Latina, a demanda internacional por largura de banda continua aumentando, embora as taxas de crescimento estejam desacelerando de forma constante. Isso reflete amplamente as tend\u00eancias da demanda internacional de largura de banda observadas em n\u00edvel [&hellip;]<\/p>\n","protected":false},"author":2,"featured_media":29716,"comment_status":"open","ping_status":"open","sticky":false,"template":"","format":"standard","meta":{"_acf_changed":false,"_jetpack_memberships_contains_paid_content":false,"footnotes":"","jetpack_publicize_message":"","jetpack_publicize_feature_enabled":true,"jetpack_social_post_already_shared":false,"jetpack_social_options":{"image_generator_settings":{"template":"highway","enabled":false},"version":2}},"categories":[1328],"tags":[1293],"archivo":[1346,1452],"taxonomy-authors":[1515],"tipo_autor":[],"class_list":["post-29705","post","type-post","status-publish","format-standard","has-post-thumbnail","hentry","category-interconexao","tag-interconexao","archivo-edicoes-anteriores","archivo-destaques-2023","taxonomy-authors-juan-velandia-pt-br"],"acf":{"author":"","related_notes":""},"yoast_head":"<!-- This site is optimized with the Yoast SEO plugin v27.0 - https:\/\/yoast.com\/product\/yoast-seo-wordpress\/ -->\n<title>LACNIC Blog | Conectividade na Am\u00e9rica Latina: o futuro da largura de banda e dos cabos submarinos<\/title>\n<meta name=\"robots\" content=\"index, follow, max-snippet:-1, max-image-preview:large, max-video-preview:-1\" \/>\n<link rel=\"canonical\" href=\"https:\/\/blog.lacnic.net\/pt-br\/conectividade-cabos-submarinos\/\" \/>\n<meta property=\"og:locale\" content=\"pt_BR\" \/>\n<meta property=\"og:type\" content=\"article\" \/>\n<meta property=\"og:title\" content=\"LACNIC Blog | Conectividade na Am\u00e9rica Latina: o futuro da largura de banda e dos cabos submarinos\" \/>\n<meta property=\"og:description\" content=\"Por Juan Velandia, Analistas da Telegeography A demanda por largura de banda est\u00e1 diminuindo, mas continua sendo forte Na Am\u00e9rica Latina, a demanda internacional por largura de banda continua aumentando, embora as taxas de crescimento estejam desacelerando de forma constante. Isso reflete amplamente as tend\u00eancias da demanda internacional de largura de banda observadas em n\u00edvel [&hellip;]\" \/>\n<meta property=\"og:url\" content=\"https:\/\/blog.lacnic.net\/pt-br\/conectividade-cabos-submarinos\/\" \/>\n<meta property=\"og:site_name\" content=\"LACNIC Blog\" \/>\n<meta property=\"article:publisher\" content=\"https:\/\/facebook.com\/lacnic\" \/>\n<meta property=\"article:published_time\" content=\"2025-05-13T15:20:01+00:00\" \/>\n<meta property=\"article:modified_time\" content=\"2025-05-15T19:17:55+00:00\" \/>\n<meta property=\"og:image\" content=\"https:\/\/blog.lacnic.net\/wp-content\/uploads\/2025\/05\/cables-submarinos-blog.png\" \/>\n\t<meta property=\"og:image:width\" content=\"680\" \/>\n\t<meta property=\"og:image:height\" content=\"330\" \/>\n\t<meta property=\"og:image:type\" content=\"image\/png\" \/>\n<meta name=\"author\" content=\"Mart\u00edn\" \/>\n<meta name=\"twitter:card\" content=\"summary_large_image\" \/>\n<meta name=\"twitter:creator\" content=\"@lacnic\" \/>\n<meta name=\"twitter:site\" content=\"@lacnic\" \/>\n<script type=\"application\/ld+json\" class=\"yoast-schema-graph\">{\"@context\":\"https:\/\/schema.org\",\"@graph\":[{\"@type\":\"Article\",\"@id\":\"https:\/\/blog.lacnic.net\/pt-br\/conectividade-cabos-submarinos\/#article\",\"isPartOf\":{\"@id\":\"https:\/\/blog.lacnic.net\/pt-br\/conectividade-cabos-submarinos\/\"},\"author\":{\"name\":\"Mart\u00edn\",\"@id\":\"https:\/\/blog.lacnic.net\/#\/schema\/person\/3f3117e292d71f4166f765368b0760dc\"},\"headline\":\"Conectividade na Am\u00e9rica Latina: o futuro da largura de banda e dos cabos submarinos\",\"datePublished\":\"2025-05-13T15:20:01+00:00\",\"dateModified\":\"2025-05-15T19:17:55+00:00\",\"mainEntityOfPage\":{\"@id\":\"https:\/\/blog.lacnic.net\/pt-br\/conectividade-cabos-submarinos\/\"},\"wordCount\":832,\"commentCount\":0,\"publisher\":{\"@id\":\"https:\/\/blog.lacnic.net\/#organization\"},\"image\":{\"@id\":\"https:\/\/blog.lacnic.net\/pt-br\/conectividade-cabos-submarinos\/#primaryimage\"},\"thumbnailUrl\":\"https:\/\/blog.lacnic.net\/wp-content\/uploads\/2025\/05\/cables-submarinos-blog.png\",\"keywords\":[\"Interconex\u00e3o\"],\"articleSection\":[\"Interconex\u00e3o\"],\"inLanguage\":\"pt-BR\",\"potentialAction\":[{\"@type\":\"CommentAction\",\"name\":\"Comment\",\"target\":[\"https:\/\/blog.lacnic.net\/pt-br\/conectividade-cabos-submarinos\/#respond\"]}]},{\"@type\":\"WebPage\",\"@id\":\"https:\/\/blog.lacnic.net\/pt-br\/conectividade-cabos-submarinos\/\",\"url\":\"https:\/\/blog.lacnic.net\/pt-br\/conectividade-cabos-submarinos\/\",\"name\":\"LACNIC Blog | Conectividade na Am\u00e9rica Latina: o futuro da largura de banda e dos cabos submarinos\",\"isPartOf\":{\"@id\":\"https:\/\/blog.lacnic.net\/#website\"},\"primaryImageOfPage\":{\"@id\":\"https:\/\/blog.lacnic.net\/pt-br\/conectividade-cabos-submarinos\/#primaryimage\"},\"image\":{\"@id\":\"https:\/\/blog.lacnic.net\/pt-br\/conectividade-cabos-submarinos\/#primaryimage\"},\"thumbnailUrl\":\"https:\/\/blog.lacnic.net\/wp-content\/uploads\/2025\/05\/cables-submarinos-blog.png\",\"datePublished\":\"2025-05-13T15:20:01+00:00\",\"dateModified\":\"2025-05-15T19:17:55+00:00\",\"breadcrumb\":{\"@id\":\"https:\/\/blog.lacnic.net\/pt-br\/conectividade-cabos-submarinos\/#breadcrumb\"},\"inLanguage\":\"pt-BR\",\"potentialAction\":[{\"@type\":\"ReadAction\",\"target\":[\"https:\/\/blog.lacnic.net\/pt-br\/conectividade-cabos-submarinos\/\"]}]},{\"@type\":\"ImageObject\",\"inLanguage\":\"pt-BR\",\"@id\":\"https:\/\/blog.lacnic.net\/pt-br\/conectividade-cabos-submarinos\/#primaryimage\",\"url\":\"https:\/\/blog.lacnic.net\/wp-content\/uploads\/2025\/05\/cables-submarinos-blog.png\",\"contentUrl\":\"https:\/\/blog.lacnic.net\/wp-content\/uploads\/2025\/05\/cables-submarinos-blog.png\",\"width\":680,\"height\":330},{\"@type\":\"BreadcrumbList\",\"@id\":\"https:\/\/blog.lacnic.net\/pt-br\/conectividade-cabos-submarinos\/#breadcrumb\",\"itemListElement\":[{\"@type\":\"ListItem\",\"position\":1,\"name\":\"Portada\",\"item\":\"https:\/\/blog.lacnic.net\/pt-br\/\"},{\"@type\":\"ListItem\",\"position\":2,\"name\":\"Conectividade na Am\u00e9rica Latina: o futuro da largura de banda e dos cabos submarinos\"}]},{\"@type\":\"WebSite\",\"@id\":\"https:\/\/blog.lacnic.net\/#website\",\"url\":\"https:\/\/blog.lacnic.net\/\",\"name\":\"LACNIC Blog\",\"description\":\"LACNIC Internet Community Newsletter\",\"publisher\":{\"@id\":\"https:\/\/blog.lacnic.net\/#organization\"},\"potentialAction\":[{\"@type\":\"SearchAction\",\"target\":{\"@type\":\"EntryPoint\",\"urlTemplate\":\"https:\/\/blog.lacnic.net\/?s={search_term_string}\"},\"query-input\":{\"@type\":\"PropertyValueSpecification\",\"valueRequired\":true,\"valueName\":\"search_term_string\"}}],\"inLanguage\":\"pt-BR\"},{\"@type\":\"Organization\",\"@id\":\"https:\/\/blog.lacnic.net\/#organization\",\"name\":\"LACNIC Blog\",\"url\":\"https:\/\/blog.lacnic.net\/\",\"logo\":{\"@type\":\"ImageObject\",\"inLanguage\":\"pt-BR\",\"@id\":\"https:\/\/blog.lacnic.net\/#\/schema\/logo\/image\/\",\"url\":\"https:\/\/blog.lacnic.net\/wp-content\/uploads\/2023\/03\/lacnic-blog.svg\",\"contentUrl\":\"https:\/\/blog.lacnic.net\/wp-content\/uploads\/2023\/03\/lacnic-blog.svg\",\"caption\":\"LACNIC Blog\"},\"image\":{\"@id\":\"https:\/\/blog.lacnic.net\/#\/schema\/logo\/image\/\"},\"sameAs\":[\"https:\/\/facebook.com\/lacnic\",\"https:\/\/x.com\/lacnic\",\"https:\/\/www.instagram.com\/lacnic\/?hl=es-la\",\"https:\/\/uy.linkedin.com\/company\/lacnic\",\"https:\/\/www.youtube.com\/user\/lacnicstaff\",\"https:\/\/www.lacnic.net\/podcast\"]},{\"@type\":\"Person\",\"@id\":\"https:\/\/blog.lacnic.net\/#\/schema\/person\/3f3117e292d71f4166f765368b0760dc\",\"name\":\"Mart\u00edn\",\"description\":\"Especialista en imagen institucional\",\"url\":\"https:\/\/blog.lacnic.net\/pt-br\/author\/sysmartin\/\"}]}<\/script>\n<!-- \/ Yoast SEO plugin. -->","yoast_head_json":{"title":"LACNIC Blog | Conectividade na Am\u00e9rica Latina: o futuro da largura de banda e dos cabos submarinos","robots":{"index":"index","follow":"follow","max-snippet":"max-snippet:-1","max-image-preview":"max-image-preview:large","max-video-preview":"max-video-preview:-1"},"canonical":"https:\/\/blog.lacnic.net\/pt-br\/conectividade-cabos-submarinos\/","og_locale":"pt_BR","og_type":"article","og_title":"LACNIC Blog | Conectividade na Am\u00e9rica Latina: o futuro da largura de banda e dos cabos submarinos","og_description":"Por Juan Velandia, Analistas da Telegeography A demanda por largura de banda est\u00e1 diminuindo, mas continua sendo forte Na Am\u00e9rica Latina, a demanda internacional por largura de banda continua aumentando, embora as taxas de crescimento estejam desacelerando de forma constante. Isso reflete amplamente as tend\u00eancias da demanda internacional de largura de banda observadas em n\u00edvel [&hellip;]","og_url":"https:\/\/blog.lacnic.net\/pt-br\/conectividade-cabos-submarinos\/","og_site_name":"LACNIC Blog","article_publisher":"https:\/\/facebook.com\/lacnic","article_published_time":"2025-05-13T15:20:01+00:00","article_modified_time":"2025-05-15T19:17:55+00:00","og_image":[{"width":680,"height":330,"url":"https:\/\/blog.lacnic.net\/wp-content\/uploads\/2025\/05\/cables-submarinos-blog.png","type":"image\/png"}],"author":"Mart\u00edn","twitter_card":"summary_large_image","twitter_creator":"@lacnic","twitter_site":"@lacnic","schema":{"@context":"https:\/\/schema.org","@graph":[{"@type":"Article","@id":"https:\/\/blog.lacnic.net\/pt-br\/conectividade-cabos-submarinos\/#article","isPartOf":{"@id":"https:\/\/blog.lacnic.net\/pt-br\/conectividade-cabos-submarinos\/"},"author":{"name":"Mart\u00edn","@id":"https:\/\/blog.lacnic.net\/#\/schema\/person\/3f3117e292d71f4166f765368b0760dc"},"headline":"Conectividade na Am\u00e9rica Latina: o futuro da largura de banda e dos cabos submarinos","datePublished":"2025-05-13T15:20:01+00:00","dateModified":"2025-05-15T19:17:55+00:00","mainEntityOfPage":{"@id":"https:\/\/blog.lacnic.net\/pt-br\/conectividade-cabos-submarinos\/"},"wordCount":832,"commentCount":0,"publisher":{"@id":"https:\/\/blog.lacnic.net\/#organization"},"image":{"@id":"https:\/\/blog.lacnic.net\/pt-br\/conectividade-cabos-submarinos\/#primaryimage"},"thumbnailUrl":"https:\/\/blog.lacnic.net\/wp-content\/uploads\/2025\/05\/cables-submarinos-blog.png","keywords":["Interconex\u00e3o"],"articleSection":["Interconex\u00e3o"],"inLanguage":"pt-BR","potentialAction":[{"@type":"CommentAction","name":"Comment","target":["https:\/\/blog.lacnic.net\/pt-br\/conectividade-cabos-submarinos\/#respond"]}]},{"@type":"WebPage","@id":"https:\/\/blog.lacnic.net\/pt-br\/conectividade-cabos-submarinos\/","url":"https:\/\/blog.lacnic.net\/pt-br\/conectividade-cabos-submarinos\/","name":"LACNIC Blog | Conectividade na Am\u00e9rica Latina: o futuro da largura de banda e dos cabos submarinos","isPartOf":{"@id":"https:\/\/blog.lacnic.net\/#website"},"primaryImageOfPage":{"@id":"https:\/\/blog.lacnic.net\/pt-br\/conectividade-cabos-submarinos\/#primaryimage"},"image":{"@id":"https:\/\/blog.lacnic.net\/pt-br\/conectividade-cabos-submarinos\/#primaryimage"},"thumbnailUrl":"https:\/\/blog.lacnic.net\/wp-content\/uploads\/2025\/05\/cables-submarinos-blog.png","datePublished":"2025-05-13T15:20:01+00:00","dateModified":"2025-05-15T19:17:55+00:00","breadcrumb":{"@id":"https:\/\/blog.lacnic.net\/pt-br\/conectividade-cabos-submarinos\/#breadcrumb"},"inLanguage":"pt-BR","potentialAction":[{"@type":"ReadAction","target":["https:\/\/blog.lacnic.net\/pt-br\/conectividade-cabos-submarinos\/"]}]},{"@type":"ImageObject","inLanguage":"pt-BR","@id":"https:\/\/blog.lacnic.net\/pt-br\/conectividade-cabos-submarinos\/#primaryimage","url":"https:\/\/blog.lacnic.net\/wp-content\/uploads\/2025\/05\/cables-submarinos-blog.png","contentUrl":"https:\/\/blog.lacnic.net\/wp-content\/uploads\/2025\/05\/cables-submarinos-blog.png","width":680,"height":330},{"@type":"BreadcrumbList","@id":"https:\/\/blog.lacnic.net\/pt-br\/conectividade-cabos-submarinos\/#breadcrumb","itemListElement":[{"@type":"ListItem","position":1,"name":"Portada","item":"https:\/\/blog.lacnic.net\/pt-br\/"},{"@type":"ListItem","position":2,"name":"Conectividade na Am\u00e9rica Latina: o futuro da largura de banda e dos cabos submarinos"}]},{"@type":"WebSite","@id":"https:\/\/blog.lacnic.net\/#website","url":"https:\/\/blog.lacnic.net\/","name":"LACNIC Blog","description":"LACNIC Internet Community Newsletter","publisher":{"@id":"https:\/\/blog.lacnic.net\/#organization"},"potentialAction":[{"@type":"SearchAction","target":{"@type":"EntryPoint","urlTemplate":"https:\/\/blog.lacnic.net\/?s={search_term_string}"},"query-input":{"@type":"PropertyValueSpecification","valueRequired":true,"valueName":"search_term_string"}}],"inLanguage":"pt-BR"},{"@type":"Organization","@id":"https:\/\/blog.lacnic.net\/#organization","name":"LACNIC Blog","url":"https:\/\/blog.lacnic.net\/","logo":{"@type":"ImageObject","inLanguage":"pt-BR","@id":"https:\/\/blog.lacnic.net\/#\/schema\/logo\/image\/","url":"https:\/\/blog.lacnic.net\/wp-content\/uploads\/2023\/03\/lacnic-blog.svg","contentUrl":"https:\/\/blog.lacnic.net\/wp-content\/uploads\/2023\/03\/lacnic-blog.svg","caption":"LACNIC Blog"},"image":{"@id":"https:\/\/blog.lacnic.net\/#\/schema\/logo\/image\/"},"sameAs":["https:\/\/facebook.com\/lacnic","https:\/\/x.com\/lacnic","https:\/\/www.instagram.com\/lacnic\/?hl=es-la","https:\/\/uy.linkedin.com\/company\/lacnic","https:\/\/www.youtube.com\/user\/lacnicstaff","https:\/\/www.lacnic.net\/podcast"]},{"@type":"Person","@id":"https:\/\/blog.lacnic.net\/#\/schema\/person\/3f3117e292d71f4166f765368b0760dc","name":"Mart\u00edn","description":"Especialista en imagen institucional","url":"https:\/\/blog.lacnic.net\/pt-br\/author\/sysmartin\/"}]}},"jetpack_publicize_connections":[],"jetpack_featured_media_url":"https:\/\/blog.lacnic.net\/wp-content\/uploads\/2025\/05\/cables-submarinos-blog.png","jetpack_sharing_enabled":true,"wpml_current_locale":"pt_BR","wpml_translations":[{"locale":"es_ES","id":29685,"post_title":"Conectividad en Am\u00e9rica Latina: el futuro del ancho de banda y los cables submarinos","slug":"cables-submarinos","href":"https:\/\/blog.lacnic.net\/cables-submarinos\/"},{"locale":"en_US","id":29703,"post_title":"Connecting Latin America: The future of bandwidth and subsea cables","slug":"connectivity-subsea-cables","href":"https:\/\/blog.lacnic.net\/en\/connectivity-subsea-cables\/"}],"_links":{"self":[{"href":"https:\/\/blog.lacnic.net\/pt-br\/wp-json\/wp\/v2\/posts\/29705","targetHints":{"allow":["GET"]}}],"collection":[{"href":"https:\/\/blog.lacnic.net\/pt-br\/wp-json\/wp\/v2\/posts"}],"about":[{"href":"https:\/\/blog.lacnic.net\/pt-br\/wp-json\/wp\/v2\/types\/post"}],"author":[{"embeddable":true,"href":"https:\/\/blog.lacnic.net\/pt-br\/wp-json\/wp\/v2\/users\/2"}],"replies":[{"embeddable":true,"href":"https:\/\/blog.lacnic.net\/pt-br\/wp-json\/wp\/v2\/comments?post=29705"}],"version-history":[{"count":3,"href":"https:\/\/blog.lacnic.net\/pt-br\/wp-json\/wp\/v2\/posts\/29705\/revisions"}],"predecessor-version":[{"id":29745,"href":"https:\/\/blog.lacnic.net\/pt-br\/wp-json\/wp\/v2\/posts\/29705\/revisions\/29745"}],"wp:featuredmedia":[{"embeddable":true,"href":"https:\/\/blog.lacnic.net\/pt-br\/wp-json\/wp\/v2\/media\/29716"}],"wp:attachment":[{"href":"https:\/\/blog.lacnic.net\/pt-br\/wp-json\/wp\/v2\/media?parent=29705"}],"wp:term":[{"taxonomy":"category","embeddable":true,"href":"https:\/\/blog.lacnic.net\/pt-br\/wp-json\/wp\/v2\/categories?post=29705"},{"taxonomy":"post_tag","embeddable":true,"href":"https:\/\/blog.lacnic.net\/pt-br\/wp-json\/wp\/v2\/tags?post=29705"},{"taxonomy":"archivo","embeddable":true,"href":"https:\/\/blog.lacnic.net\/pt-br\/wp-json\/wp\/v2\/archivo?post=29705"},{"taxonomy":"taxonomy-authors","embeddable":true,"href":"https:\/\/blog.lacnic.net\/pt-br\/wp-json\/wp\/v2\/taxonomy-authors?post=29705"},{"taxonomy":"tipo_autor","embeddable":true,"href":"https:\/\/blog.lacnic.net\/pt-br\/wp-json\/wp\/v2\/tipo_autor?post=29705"}],"curies":[{"name":"wp","href":"https:\/\/api.w.org\/{rel}","templated":true}]}}