{"id":23503,"date":"2023-11-15T13:29:05","date_gmt":"2023-11-15T13:29:05","guid":{"rendered":"https:\/\/blog.lacnic.net\/?p=23503"},"modified":"2023-11-16T12:38:14","modified_gmt":"2023-11-16T12:38:14","slug":"cabos-submarinos-panorama-e-evolucao-para-a-internet-da-regiao","status":"publish","type":"post","link":"https:\/\/blog.lacnic.net\/pt-br\/cabos-submarinos-panorama-e-evolucao-para-a-internet-da-regiao\/","title":{"rendered":"Cabos submarinos: panorama e evolu\u00e7\u00e3o para a Internet da regi\u00e3o"},"content":{"rendered":"\n<p><em>Por <a href=\"https:\/\/blog.lacnic.net\/pt-br\/autor\/carlos-martinez\">Carlos Mart\u00ednez<\/a>, CTO do LACNIC<\/em><\/p>\n\n\n\n<p>No \u00e2mbito do \u00faltimo evento do LACNIC-LACNOG, tivemos uma variedade de interessantes exposi\u00e7\u00f5es e palestras, uma delas congregou um grupo de especialistas dos principais provedores de infraestrutura de cabos submarinos na regi\u00e3o.<\/p>\n\n\n\n<p><a href=\"https:\/\/www.youtube.com\/watch?v=uSdJhRyRj2U&amp;list=PLU6Q4ZhHN2Q6uo4MoY7jyawIBS-9cGPeN&amp;index=98\">O painel<\/a>, organizado pelo LACNIC em parceria com Rog\u00e9rio Mariano<em>, Global Head of Edge Strategy de Azion<\/em> e encarregado da modera\u00e7\u00e3o, contou com a presen\u00e7a de Lucenildo Lins de Aquino Junior, de <em>Angola Cables<\/em>; Leonardo Almeida, <em>IP Network Manager de Seaborn Networks<\/em>; Fabio Montero de <em>Telecom Italia Sparkle<\/em>; Rafael Lozano de <em>EllaLink,<\/em> Fabio Laguado, <em>Head of Sales and Country Manager US<\/em> de <em>VTal Data Centers<\/em> e Esther Fern\u00e1ndez, diretora de estrat\u00e9gia de interconex\u00e3o de <em>Telxius<\/em>.<\/p>\n\n\n\n<p>No \u00e2mbito da palestra foi destacado que a cidade brasileira de Fortaleza, sede do evento, devido \u00e0 sua localiza\u00e7\u00e3o geogr\u00e1fica \u00e9 <strong>hub de v\u00e1rios dos cabos submarinos mais importantes a n\u00edvel global,<\/strong> conectando a Am\u00e9rica Latina atrav\u00e9s do Brasil com a \u00c1frica e a Europa. &nbsp;Uma das caracter\u00edsticas da cidade \u2013muito oportuna para qualquer lugar de ancoragem de cabos \u2013 \u00e9 que nas suas praias o mar e bem profundo <strong>e isso faz com que diminua o risco de eventuais danos comuns, como os produzidos pelas \u00e2ncoras dos barcos ou pela pesca<\/strong>.&nbsp; No entanto, tamb\u00e9m devemos considerar que os cabos <strong>s\u00e3o infraestruturas muito tentadoras para a sabotagem.<\/strong><\/p>\n\n\n\n<p>Diante de alguns destes acidentes, a consequ\u00eancia para o usu\u00e1rio <strong>\u00e9 a queda do servi\u00e7o ou a lentid\u00e3o at\u00e9 que o cabo \u00e9 consertado e o tr\u00e1fego \u00e9 roteado atrav\u00e9s de outros cabos ou atrav\u00e9s da rede terrestre,<\/strong> conforme a gravidade do incidente. &nbsp;Nesse sentido, \u00e9 importante sinalizar que no boom da primeira gera\u00e7\u00e3o de cabos \u2013nos anos 2000- havia pouqu\u00edssima rede terrestre de fibra, raz\u00e3o pela qual dependia-se em grande medida dos cabos submarinos. <strong>O que acontece hoje \u00e9 que h\u00e1 muito mais redes terrestres de fibra que d\u00e3o suporte aos cabos submarinos, evidenciando uma evolu\u00e7\u00e3o na infraestrutura da regi\u00e3o.<\/strong><\/p>\n\n\n\n<p><strong>Os incidentes naturais tamb\u00e9m podem afetar os cabos. &nbsp;<\/strong>Foi muito interessante o caso comentado por Angola Cabos sobre como enfrentaram um fen\u00f4meno natural que impactou nos cabos da costa da \u00c1frica. Em raz\u00e3o de que se coloca peso sobre os cabos para que permane\u00e7am no fundo do leito mar\u00edtimo, o cabo em quest\u00e3o atravessava um canh\u00e3o comprido e estreito no leito mar\u00edtimo em uma parte do trajeto. Este canh\u00e3o acompanha a foz do caudaloso rio Congo, que arrasta grande quantidade de sedimento e barro, derramados no fundo do mar e capazes de romper o cabo. A solu\u00e7\u00e3o encontrada foi colocar uma boia para evitar que, na parte atravessada por esse tramo, o cabo caia ao leito e seja atingido pela lama.<\/p>\n\n\n\n<p>Em rela\u00e7\u00e3o a quest\u00f5es t\u00e9cnicas e diferente do que as pessoas podem acreditar, <strong>os cabos submarinos de fibra \u00f3tica n\u00e3o s\u00e3o muito grossos, sen\u00e3o que medem n\u00e3o mais de 5 a 6 cent\u00edmetros, por\u00e9m, o que faz a diferen\u00e7a \u00e9 a quantidade de pares de fibra que transportam<\/strong> Nesse sentido, algo a destacar \u00e9<strong> a maneira na qual pode-se multiplicar v\u00e1rias vezes a capacidade de transmiss\u00e3o do par de fibras. <\/strong>Na hora de conseguir um n\u00famero menor de locais intermedi\u00e1rios para alcan\u00e7ar grandes dist\u00e2ncias e altas capacidades, a solu\u00e7\u00e3o mais efetiva \u00e9 a tecnologia DWDM (Multiplexa\u00e7\u00e3o por divis\u00e3o de longitude de onda densa, por suas siglas em ingl\u00eas). <strong>O DWDM \u00e9 uma t\u00e9cnica de transmiss\u00e3o, que realiza a multiplexa\u00e7\u00e3o por divis\u00e3o em longitudes de onda, quer dizer, que utiliza v\u00e1rias longitudes de onda de luz, ou seja, a luz composta por cores, a fim de evitar dados de dois ou mais cores de luz que podem viajar sobre uma s\u00f3 fibra \u00f3tica. A efeitos pr\u00e1ticos, cada cor se comporta como se fosse uma fibra diferente.<\/strong><\/p>\n\n\n<section class=\"acf-view acf-view--id--21788 acf-view--object-id--23503\"><div class=\"acf-view__texto_fijo acf-view__row\"><div class=\"acf-view__texto_fijo-field acf-view__field\"><div class=\"acf-view__texto_fijo-choice acf-view__choice\">Leia tamb\u00e9m:<\/div><\/div><\/div><div class=\"acf-view__link acf-view__row\"><div class=\"acf-view__link-field acf-view__field\"><a target=\"_self\" class=\"acf-view__link-link acf-view__link\" href=\"https:\/\/blog.lacnic.net\/pt-br\/internet-no-fundo-mar\/\">Internet no fundo do mar<\/a><\/div><\/div><\/section>\n\n\n<p>De fato, nas \u00faltimas tr\u00eas d\u00e9cadas, <strong>esta tecnologia fez com que aumentasse a instala\u00e7\u00e3o de cabos, j\u00e1 que facilitou a constru\u00e7\u00e3o de cabos menores que podem ser transportados e instalados com mais facilidade, diminu\u00eddo assim os custos. <\/strong>Por outro lado, este processo pode ser levado adiante em cabos que j\u00e1 est\u00e3o instalados, estendendo sua vida \u00fatil. E isso \u00e9 muito mais econ\u00f4mico que fazer sua instala\u00e7\u00e3o do zero.<\/p>\n\n\n\n<p>Outras tecnologias para diminuir custos e conseguir uma melhor transmiss\u00e3o s\u00e3o aplicadas aos equipamentos regeneradores de sinal instalados na \u00e1gua a cada certa quantidade de quil\u00f4metros, com o intuito de receber sinal, convert\u00ea-lo em um sinal el\u00e9trico novamente e regener\u00e1-lo como um sinal \u00f3tico. No painel foi sinalizado que em uma \u00e9poca calculava-se um destes regenerados a cada 200 Km, <strong>mas com as tecnologias atuais, em um cabo entre Fortaleza e Miami, n\u00e3o \u00e9 necess\u00e1rio mais do que dois ou tr\u00eas regeneradores de sinal dos dez ou doze que faziam falta h\u00e1 uns anos atr\u00e1s para essa dist\u00e2ncia, o que implica outro avan\u00e7o importante referente a custos de instala\u00e7\u00e3o e preven\u00e7\u00e3o de falhas.<\/strong><\/p>\n\n\n\n<p>Por \u00faltimo, no tocante ao lado dos neg\u00f3cios, a ind\u00fastria dos cabos submarinos tem a particularidade de requerer um investimento a longo prazo. Levando em considera\u00e7\u00e3o que os cabos possuem uma vida \u00fatil de cerca de 20 anos, <strong>a perspectiva da seguran\u00e7a jur\u00eddica, assim como a estabilidade econ\u00f4mica, \u00e9 vital.<\/strong><\/p>\n\n\n\n<p>\u00c9 importante destacar tamb\u00e9m que todas as empresas provedoras de infraestrutura de cabos submarinos que estavam presentes no painel, expressaram <strong>como seu neg\u00f3cio se expandiu para outros servi\u00e7os, fundamentalmente para datacenter. <\/strong>A princ\u00edpio, muitos deles levaram os cabos para o datacenter de outro \u2013 principalmente de empresas de telecomunica\u00e7\u00f5es \u2013 por\u00e9m, eventualmente apostaram em seu pr\u00f3prio datacenter, de onde podem oferecer outros tipos de servi\u00e7os \u00e0 disposi\u00e7\u00e3o de empresas que precisem se instalarem o lugar. A outra quest\u00e3o importante <strong>\u00e9 o surgimento das OTT como donas de cabos inteiros ou bem como acionistas de cons\u00f3rcios de empresas de cabos em outros.<\/strong> Dez anos antes, quem colocava cabos submarinos eram apenas as empresas de telecomunica\u00e7\u00f5es e as demais empresas eram clientes. Como est\u00e1 a situa\u00e7\u00e3o hoje? <strong>Os provedores de conte\u00fado continuam sendo uma influ\u00eancia importante no tr\u00e1fego de banda larga na Am\u00e9rica Latina.<\/strong> O volume de tr\u00e1fego administrado por empresas como Google e Facebook \u00e9 t\u00e3o grande que faz mais sentido investir em seus pr\u00f3prios cabos para oferecer uma melhor disponibilidade de seus servi\u00e7os.<\/p>\n","protected":false},"excerpt":{"rendered":"<p>Por Carlos Mart\u00ednez, CTO do LACNIC No \u00e2mbito do \u00faltimo evento do LACNIC-LACNOG, tivemos uma variedade de interessantes exposi\u00e7\u00f5es e palestras, uma delas congregou um grupo de especialistas dos principais provedores de infraestrutura de cabos submarinos na regi\u00e3o. O painel, organizado pelo LACNIC em parceria com Rog\u00e9rio Mariano, Global Head of Edge Strategy de Azion [&hellip;]<\/p>\n","protected":false},"author":4,"featured_media":22900,"comment_status":"open","ping_status":"open","sticky":false,"template":"","format":"standard","meta":{"_acf_changed":false,"_jetpack_memberships_contains_paid_content":false,"footnotes":"","jetpack_publicize_message":"","jetpack_publicize_feature_enabled":true,"jetpack_social_post_already_shared":false,"jetpack_social_options":{"image_generator_settings":{"template":"highway","default_image_id":0,"font":"","enabled":false},"version":2}},"categories":[1328],"tags":[1293],"archivo":[1346],"taxonomy-authors":[1197],"tipo_autor":[],"class_list":["post-23503","post","type-post","status-publish","format-standard","has-post-thumbnail","hentry","category-interconexao","tag-interconexao","archivo-edicoes-anteriores","taxonomy-authors-carlos-martinez-pt-br"],"acf":{"author":"","related_notes":""},"yoast_head":"<!-- This site is optimized with the Yoast SEO plugin v27.0 - https:\/\/yoast.com\/product\/yoast-seo-wordpress\/ -->\n<title>LACNIC Blog | Cabos submarinos: panorama e evolu\u00e7\u00e3o para a Internet da regi\u00e3o<\/title>\n<meta name=\"robots\" content=\"index, follow, max-snippet:-1, max-image-preview:large, max-video-preview:-1\" \/>\n<link rel=\"canonical\" href=\"https:\/\/blog.lacnic.net\/pt-br\/cabos-submarinos-panorama-e-evolucao-para-a-internet-da-regiao\/\" \/>\n<meta property=\"og:locale\" content=\"pt_BR\" \/>\n<meta property=\"og:type\" content=\"article\" \/>\n<meta property=\"og:title\" content=\"LACNIC Blog | Cabos submarinos: panorama e evolu\u00e7\u00e3o para a Internet da regi\u00e3o\" \/>\n<meta property=\"og:description\" content=\"Por Carlos Mart\u00ednez, CTO do LACNIC No \u00e2mbito do \u00faltimo evento do LACNIC-LACNOG, tivemos uma variedade de interessantes exposi\u00e7\u00f5es e palestras, uma delas congregou um grupo de especialistas dos principais provedores de infraestrutura de cabos submarinos na regi\u00e3o. O painel, organizado pelo LACNIC em parceria com Rog\u00e9rio Mariano, Global Head of Edge Strategy de Azion [&hellip;]\" \/>\n<meta property=\"og:url\" content=\"https:\/\/blog.lacnic.net\/pt-br\/cabos-submarinos-panorama-e-evolucao-para-a-internet-da-regiao\/\" \/>\n<meta property=\"og:site_name\" content=\"LACNIC Blog\" \/>\n<meta property=\"article:publisher\" content=\"https:\/\/facebook.com\/lacnic\" \/>\n<meta property=\"article:published_time\" content=\"2023-11-15T13:29:05+00:00\" \/>\n<meta property=\"article:modified_time\" content=\"2023-11-16T12:38:14+00:00\" \/>\n<meta property=\"og:image\" content=\"https:\/\/blog.lacnic.net\/wp-content\/uploads\/2023\/08\/cables-submarinos.png\" \/>\n\t<meta property=\"og:image:width\" content=\"680\" \/>\n\t<meta property=\"og:image:height\" content=\"300\" \/>\n\t<meta property=\"og:image:type\" content=\"image\/png\" \/>\n<meta name=\"author\" content=\"LACNIC\" \/>\n<meta name=\"twitter:card\" content=\"summary_large_image\" \/>\n<meta name=\"twitter:creator\" content=\"@lacnic\" \/>\n<meta name=\"twitter:site\" content=\"@lacnic\" \/>\n<script type=\"application\/ld+json\" class=\"yoast-schema-graph\">{\"@context\":\"https:\/\/schema.org\",\"@graph\":[{\"@type\":\"Article\",\"@id\":\"https:\/\/blog.lacnic.net\/pt-br\/cabos-submarinos-panorama-e-evolucao-para-a-internet-da-regiao\/#article\",\"isPartOf\":{\"@id\":\"https:\/\/blog.lacnic.net\/pt-br\/cabos-submarinos-panorama-e-evolucao-para-a-internet-da-regiao\/\"},\"author\":{\"name\":\"LACNIC\",\"@id\":\"https:\/\/blog.lacnic.net\/#\/schema\/person\/30da2f68d9b9f0123d5192afb790dea9\"},\"headline\":\"Cabos submarinos: panorama e evolu\u00e7\u00e3o para a Internet da regi\u00e3o\",\"datePublished\":\"2023-11-15T13:29:05+00:00\",\"dateModified\":\"2023-11-16T12:38:14+00:00\",\"mainEntityOfPage\":{\"@id\":\"https:\/\/blog.lacnic.net\/pt-br\/cabos-submarinos-panorama-e-evolucao-para-a-internet-da-regiao\/\"},\"wordCount\":1132,\"commentCount\":1,\"publisher\":{\"@id\":\"https:\/\/blog.lacnic.net\/#organization\"},\"image\":{\"@id\":\"https:\/\/blog.lacnic.net\/pt-br\/cabos-submarinos-panorama-e-evolucao-para-a-internet-da-regiao\/#primaryimage\"},\"thumbnailUrl\":\"https:\/\/blog.lacnic.net\/wp-content\/uploads\/2023\/08\/cables-submarinos.png\",\"keywords\":[\"Interconex\u00e3o\"],\"articleSection\":[\"Interconex\u00e3o\"],\"inLanguage\":\"pt-BR\",\"potentialAction\":[{\"@type\":\"CommentAction\",\"name\":\"Comment\",\"target\":[\"https:\/\/blog.lacnic.net\/pt-br\/cabos-submarinos-panorama-e-evolucao-para-a-internet-da-regiao\/#respond\"]}]},{\"@type\":\"WebPage\",\"@id\":\"https:\/\/blog.lacnic.net\/pt-br\/cabos-submarinos-panorama-e-evolucao-para-a-internet-da-regiao\/\",\"url\":\"https:\/\/blog.lacnic.net\/pt-br\/cabos-submarinos-panorama-e-evolucao-para-a-internet-da-regiao\/\",\"name\":\"LACNIC Blog | Cabos submarinos: panorama e evolu\u00e7\u00e3o para a Internet da regi\u00e3o\",\"isPartOf\":{\"@id\":\"https:\/\/blog.lacnic.net\/#website\"},\"primaryImageOfPage\":{\"@id\":\"https:\/\/blog.lacnic.net\/pt-br\/cabos-submarinos-panorama-e-evolucao-para-a-internet-da-regiao\/#primaryimage\"},\"image\":{\"@id\":\"https:\/\/blog.lacnic.net\/pt-br\/cabos-submarinos-panorama-e-evolucao-para-a-internet-da-regiao\/#primaryimage\"},\"thumbnailUrl\":\"https:\/\/blog.lacnic.net\/wp-content\/uploads\/2023\/08\/cables-submarinos.png\",\"datePublished\":\"2023-11-15T13:29:05+00:00\",\"dateModified\":\"2023-11-16T12:38:14+00:00\",\"breadcrumb\":{\"@id\":\"https:\/\/blog.lacnic.net\/pt-br\/cabos-submarinos-panorama-e-evolucao-para-a-internet-da-regiao\/#breadcrumb\"},\"inLanguage\":\"pt-BR\",\"potentialAction\":[{\"@type\":\"ReadAction\",\"target\":[\"https:\/\/blog.lacnic.net\/pt-br\/cabos-submarinos-panorama-e-evolucao-para-a-internet-da-regiao\/\"]}]},{\"@type\":\"ImageObject\",\"inLanguage\":\"pt-BR\",\"@id\":\"https:\/\/blog.lacnic.net\/pt-br\/cabos-submarinos-panorama-e-evolucao-para-a-internet-da-regiao\/#primaryimage\",\"url\":\"https:\/\/blog.lacnic.net\/wp-content\/uploads\/2023\/08\/cables-submarinos.png\",\"contentUrl\":\"https:\/\/blog.lacnic.net\/wp-content\/uploads\/2023\/08\/cables-submarinos.png\",\"width\":680,\"height\":300},{\"@type\":\"BreadcrumbList\",\"@id\":\"https:\/\/blog.lacnic.net\/pt-br\/cabos-submarinos-panorama-e-evolucao-para-a-internet-da-regiao\/#breadcrumb\",\"itemListElement\":[{\"@type\":\"ListItem\",\"position\":1,\"name\":\"Portada\",\"item\":\"https:\/\/blog.lacnic.net\/pt-br\/\"},{\"@type\":\"ListItem\",\"position\":2,\"name\":\"Cabos submarinos: panorama e evolu\u00e7\u00e3o para a Internet da regi\u00e3o\"}]},{\"@type\":\"WebSite\",\"@id\":\"https:\/\/blog.lacnic.net\/#website\",\"url\":\"https:\/\/blog.lacnic.net\/\",\"name\":\"LACNIC Blog\",\"description\":\"LACNIC Internet Community Newsletter\",\"publisher\":{\"@id\":\"https:\/\/blog.lacnic.net\/#organization\"},\"potentialAction\":[{\"@type\":\"SearchAction\",\"target\":{\"@type\":\"EntryPoint\",\"urlTemplate\":\"https:\/\/blog.lacnic.net\/?s={search_term_string}\"},\"query-input\":{\"@type\":\"PropertyValueSpecification\",\"valueRequired\":true,\"valueName\":\"search_term_string\"}}],\"inLanguage\":\"pt-BR\"},{\"@type\":\"Organization\",\"@id\":\"https:\/\/blog.lacnic.net\/#organization\",\"name\":\"LACNIC Blog\",\"url\":\"https:\/\/blog.lacnic.net\/\",\"logo\":{\"@type\":\"ImageObject\",\"inLanguage\":\"pt-BR\",\"@id\":\"https:\/\/blog.lacnic.net\/#\/schema\/logo\/image\/\",\"url\":\"https:\/\/blog.lacnic.net\/wp-content\/uploads\/2023\/03\/lacnic-blog.svg\",\"contentUrl\":\"https:\/\/blog.lacnic.net\/wp-content\/uploads\/2023\/03\/lacnic-blog.svg\",\"caption\":\"LACNIC Blog\"},\"image\":{\"@id\":\"https:\/\/blog.lacnic.net\/#\/schema\/logo\/image\/\"},\"sameAs\":[\"https:\/\/facebook.com\/lacnic\",\"https:\/\/x.com\/lacnic\",\"https:\/\/www.instagram.com\/lacnic\/?hl=es-la\",\"https:\/\/uy.linkedin.com\/company\/lacnic\",\"https:\/\/www.youtube.com\/user\/lacnicstaff\",\"https:\/\/www.lacnic.net\/podcast\"]},{\"@type\":\"Person\",\"@id\":\"https:\/\/blog.lacnic.net\/#\/schema\/person\/30da2f68d9b9f0123d5192afb790dea9\",\"name\":\"LACNIC\",\"url\":\"https:\/\/blog.lacnic.net\/pt-br\/author\/staffadmin\/\"}]}<\/script>\n<!-- \/ Yoast SEO plugin. -->","yoast_head_json":{"title":"LACNIC Blog | Cabos submarinos: panorama e evolu\u00e7\u00e3o para a Internet da regi\u00e3o","robots":{"index":"index","follow":"follow","max-snippet":"max-snippet:-1","max-image-preview":"max-image-preview:large","max-video-preview":"max-video-preview:-1"},"canonical":"https:\/\/blog.lacnic.net\/pt-br\/cabos-submarinos-panorama-e-evolucao-para-a-internet-da-regiao\/","og_locale":"pt_BR","og_type":"article","og_title":"LACNIC Blog | Cabos submarinos: panorama e evolu\u00e7\u00e3o para a Internet da regi\u00e3o","og_description":"Por Carlos Mart\u00ednez, CTO do LACNIC No \u00e2mbito do \u00faltimo evento do LACNIC-LACNOG, tivemos uma variedade de interessantes exposi\u00e7\u00f5es e palestras, uma delas congregou um grupo de especialistas dos principais provedores de infraestrutura de cabos submarinos na regi\u00e3o. O painel, organizado pelo LACNIC em parceria com Rog\u00e9rio Mariano, Global Head of Edge Strategy de Azion [&hellip;]","og_url":"https:\/\/blog.lacnic.net\/pt-br\/cabos-submarinos-panorama-e-evolucao-para-a-internet-da-regiao\/","og_site_name":"LACNIC Blog","article_publisher":"https:\/\/facebook.com\/lacnic","article_published_time":"2023-11-15T13:29:05+00:00","article_modified_time":"2023-11-16T12:38:14+00:00","og_image":[{"width":680,"height":300,"url":"https:\/\/blog.lacnic.net\/wp-content\/uploads\/2023\/08\/cables-submarinos.png","type":"image\/png"}],"author":"LACNIC","twitter_card":"summary_large_image","twitter_creator":"@lacnic","twitter_site":"@lacnic","schema":{"@context":"https:\/\/schema.org","@graph":[{"@type":"Article","@id":"https:\/\/blog.lacnic.net\/pt-br\/cabos-submarinos-panorama-e-evolucao-para-a-internet-da-regiao\/#article","isPartOf":{"@id":"https:\/\/blog.lacnic.net\/pt-br\/cabos-submarinos-panorama-e-evolucao-para-a-internet-da-regiao\/"},"author":{"name":"LACNIC","@id":"https:\/\/blog.lacnic.net\/#\/schema\/person\/30da2f68d9b9f0123d5192afb790dea9"},"headline":"Cabos submarinos: panorama e evolu\u00e7\u00e3o para a Internet da regi\u00e3o","datePublished":"2023-11-15T13:29:05+00:00","dateModified":"2023-11-16T12:38:14+00:00","mainEntityOfPage":{"@id":"https:\/\/blog.lacnic.net\/pt-br\/cabos-submarinos-panorama-e-evolucao-para-a-internet-da-regiao\/"},"wordCount":1132,"commentCount":1,"publisher":{"@id":"https:\/\/blog.lacnic.net\/#organization"},"image":{"@id":"https:\/\/blog.lacnic.net\/pt-br\/cabos-submarinos-panorama-e-evolucao-para-a-internet-da-regiao\/#primaryimage"},"thumbnailUrl":"https:\/\/blog.lacnic.net\/wp-content\/uploads\/2023\/08\/cables-submarinos.png","keywords":["Interconex\u00e3o"],"articleSection":["Interconex\u00e3o"],"inLanguage":"pt-BR","potentialAction":[{"@type":"CommentAction","name":"Comment","target":["https:\/\/blog.lacnic.net\/pt-br\/cabos-submarinos-panorama-e-evolucao-para-a-internet-da-regiao\/#respond"]}]},{"@type":"WebPage","@id":"https:\/\/blog.lacnic.net\/pt-br\/cabos-submarinos-panorama-e-evolucao-para-a-internet-da-regiao\/","url":"https:\/\/blog.lacnic.net\/pt-br\/cabos-submarinos-panorama-e-evolucao-para-a-internet-da-regiao\/","name":"LACNIC Blog | Cabos submarinos: panorama e evolu\u00e7\u00e3o para a Internet da regi\u00e3o","isPartOf":{"@id":"https:\/\/blog.lacnic.net\/#website"},"primaryImageOfPage":{"@id":"https:\/\/blog.lacnic.net\/pt-br\/cabos-submarinos-panorama-e-evolucao-para-a-internet-da-regiao\/#primaryimage"},"image":{"@id":"https:\/\/blog.lacnic.net\/pt-br\/cabos-submarinos-panorama-e-evolucao-para-a-internet-da-regiao\/#primaryimage"},"thumbnailUrl":"https:\/\/blog.lacnic.net\/wp-content\/uploads\/2023\/08\/cables-submarinos.png","datePublished":"2023-11-15T13:29:05+00:00","dateModified":"2023-11-16T12:38:14+00:00","breadcrumb":{"@id":"https:\/\/blog.lacnic.net\/pt-br\/cabos-submarinos-panorama-e-evolucao-para-a-internet-da-regiao\/#breadcrumb"},"inLanguage":"pt-BR","potentialAction":[{"@type":"ReadAction","target":["https:\/\/blog.lacnic.net\/pt-br\/cabos-submarinos-panorama-e-evolucao-para-a-internet-da-regiao\/"]}]},{"@type":"ImageObject","inLanguage":"pt-BR","@id":"https:\/\/blog.lacnic.net\/pt-br\/cabos-submarinos-panorama-e-evolucao-para-a-internet-da-regiao\/#primaryimage","url":"https:\/\/blog.lacnic.net\/wp-content\/uploads\/2023\/08\/cables-submarinos.png","contentUrl":"https:\/\/blog.lacnic.net\/wp-content\/uploads\/2023\/08\/cables-submarinos.png","width":680,"height":300},{"@type":"BreadcrumbList","@id":"https:\/\/blog.lacnic.net\/pt-br\/cabos-submarinos-panorama-e-evolucao-para-a-internet-da-regiao\/#breadcrumb","itemListElement":[{"@type":"ListItem","position":1,"name":"Portada","item":"https:\/\/blog.lacnic.net\/pt-br\/"},{"@type":"ListItem","position":2,"name":"Cabos submarinos: panorama e evolu\u00e7\u00e3o para a Internet da regi\u00e3o"}]},{"@type":"WebSite","@id":"https:\/\/blog.lacnic.net\/#website","url":"https:\/\/blog.lacnic.net\/","name":"LACNIC Blog","description":"LACNIC Internet Community Newsletter","publisher":{"@id":"https:\/\/blog.lacnic.net\/#organization"},"potentialAction":[{"@type":"SearchAction","target":{"@type":"EntryPoint","urlTemplate":"https:\/\/blog.lacnic.net\/?s={search_term_string}"},"query-input":{"@type":"PropertyValueSpecification","valueRequired":true,"valueName":"search_term_string"}}],"inLanguage":"pt-BR"},{"@type":"Organization","@id":"https:\/\/blog.lacnic.net\/#organization","name":"LACNIC Blog","url":"https:\/\/blog.lacnic.net\/","logo":{"@type":"ImageObject","inLanguage":"pt-BR","@id":"https:\/\/blog.lacnic.net\/#\/schema\/logo\/image\/","url":"https:\/\/blog.lacnic.net\/wp-content\/uploads\/2023\/03\/lacnic-blog.svg","contentUrl":"https:\/\/blog.lacnic.net\/wp-content\/uploads\/2023\/03\/lacnic-blog.svg","caption":"LACNIC Blog"},"image":{"@id":"https:\/\/blog.lacnic.net\/#\/schema\/logo\/image\/"},"sameAs":["https:\/\/facebook.com\/lacnic","https:\/\/x.com\/lacnic","https:\/\/www.instagram.com\/lacnic\/?hl=es-la","https:\/\/uy.linkedin.com\/company\/lacnic","https:\/\/www.youtube.com\/user\/lacnicstaff","https:\/\/www.lacnic.net\/podcast"]},{"@type":"Person","@id":"https:\/\/blog.lacnic.net\/#\/schema\/person\/30da2f68d9b9f0123d5192afb790dea9","name":"LACNIC","url":"https:\/\/blog.lacnic.net\/pt-br\/author\/staffadmin\/"}]}},"jetpack_publicize_connections":[],"jetpack_featured_media_url":"https:\/\/blog.lacnic.net\/wp-content\/uploads\/2023\/08\/cables-submarinos.png","jetpack_sharing_enabled":true,"wpml_current_locale":"pt_BR","wpml_translations":[{"locale":"es_ES","id":23497,"post_title":"Cables submarinos: panorama y evoluci\u00f3n para la Internet de la regi\u00f3n","slug":"cables-submarinos-panorama-y-evolucion-para-la-internet-de-la-region","href":"https:\/\/blog.lacnic.net\/cables-submarinos-panorama-y-evolucion-para-la-internet-de-la-region\/"},{"locale":"en_US","id":23500,"post_title":"Subsea Cables: Overview and Evolution for the Regional Internet","slug":"subsea-cables-overview-and-evolution-for-the-regional-internet","href":"https:\/\/blog.lacnic.net\/en\/subsea-cables-overview-and-evolution-for-the-regional-internet\/"}],"_links":{"self":[{"href":"https:\/\/blog.lacnic.net\/pt-br\/wp-json\/wp\/v2\/posts\/23503","targetHints":{"allow":["GET"]}}],"collection":[{"href":"https:\/\/blog.lacnic.net\/pt-br\/wp-json\/wp\/v2\/posts"}],"about":[{"href":"https:\/\/blog.lacnic.net\/pt-br\/wp-json\/wp\/v2\/types\/post"}],"author":[{"embeddable":true,"href":"https:\/\/blog.lacnic.net\/pt-br\/wp-json\/wp\/v2\/users\/4"}],"replies":[{"embeddable":true,"href":"https:\/\/blog.lacnic.net\/pt-br\/wp-json\/wp\/v2\/comments?post=23503"}],"version-history":[{"count":3,"href":"https:\/\/blog.lacnic.net\/pt-br\/wp-json\/wp\/v2\/posts\/23503\/revisions"}],"predecessor-version":[{"id":23512,"href":"https:\/\/blog.lacnic.net\/pt-br\/wp-json\/wp\/v2\/posts\/23503\/revisions\/23512"}],"wp:featuredmedia":[{"embeddable":true,"href":"https:\/\/blog.lacnic.net\/pt-br\/wp-json\/wp\/v2\/media\/22900"}],"wp:attachment":[{"href":"https:\/\/blog.lacnic.net\/pt-br\/wp-json\/wp\/v2\/media?parent=23503"}],"wp:term":[{"taxonomy":"category","embeddable":true,"href":"https:\/\/blog.lacnic.net\/pt-br\/wp-json\/wp\/v2\/categories?post=23503"},{"taxonomy":"post_tag","embeddable":true,"href":"https:\/\/blog.lacnic.net\/pt-br\/wp-json\/wp\/v2\/tags?post=23503"},{"taxonomy":"archivo","embeddable":true,"href":"https:\/\/blog.lacnic.net\/pt-br\/wp-json\/wp\/v2\/archivo?post=23503"},{"taxonomy":"taxonomy-authors","embeddable":true,"href":"https:\/\/blog.lacnic.net\/pt-br\/wp-json\/wp\/v2\/taxonomy-authors?post=23503"},{"taxonomy":"tipo_autor","embeddable":true,"href":"https:\/\/blog.lacnic.net\/pt-br\/wp-json\/wp\/v2\/tipo_autor?post=23503"}],"curies":[{"name":"wp","href":"https:\/\/api.w.org\/{rel}","templated":true}]}}