{"id":160,"date":"2011-02-05T13:44:15","date_gmt":"2011-02-05T13:44:15","guid":{"rendered":"http:\/\/prensa.lacnic.net\/news\/eventos-proximos\/lacnic-xv-3"},"modified":"2019-12-06T18:43:15","modified_gmt":"2019-12-06T18:43:15","slug":"uma-oportunidade-imperdivel-lacnic-xv","status":"publish","type":"post","link":"https:\/\/blog.lacnic.net\/pt-br\/uma-oportunidade-imperdivel-lacnic-xv\/","title":{"rendered":"Uma oportunidade Imperd\u00edvel: LACNIC XV"},"content":{"rendered":"<div id=\"attachment_267\" style=\"width: 310px\" class=\"wp-caption aligncenter\"><img decoding=\"async\" aria-describedby=\"caption-attachment-267\" class=\"size-medium wp-image-267\" title=\"Uma oportunidade Imperd\u00edvel: LACNIC XV\" src=\"http:\/\/prensa.lacnic.net\/news\/wp-content\/uploads\/2011\/02\/logo-lacnicxv-500-300x229.png\" alt=\"Uma oportunidade Imperd\u00edvel: LACNIC XV\" width=\"300\" height=\"229\" srcset=\"https:\/\/blog.lacnic.net\/wp-content\/uploads\/2011\/02\/logo-lacnicxv-500-300x229.png 300w, https:\/\/blog.lacnic.net\/wp-content\/uploads\/2011\/02\/logo-lacnicxv-500.png 500w\" sizes=\"(max-width: 300px) 100vw, 300px\" \/><p id=\"caption-attachment-267\" class=\"wp-caption-text\">Uma oportunidade Imperd\u00edvel: LACNIC XV<\/p><\/div>\n<p>De 15 a 20 de maio de 2011 em Canc\u00fan (M\u00e9xico) vai ser realizada a reuni\u00e3o do LACNIC, ponto de encontro da comunidade da Internet da Am\u00e9rica Latina e o Caribe. Tamb\u00e9m vai ter lugar durante esses dias a reuni\u00e3o de LACNOG (F\u00f3rum de Operadores da Regi\u00e3o) e o encontro da LACTLD (Associa\u00e7\u00e3o de Administradores de Dom\u00ednio do Pa\u00eds). A reuni\u00e3o vai acontecer no Hotel Gran Meli\u00e1 Canc\u00fan e ser\u00e1 hospedada pelo NIC.Mx. Os participantes poder\u00e3o, al\u00e9m de participar de oficinas de capacita\u00e7\u00e3o t\u00e9cnica, conhecer a trocar id\u00e9ias e experi\u00eancias com outros colegas da ind\u00fastria das telecomunica\u00e7\u00f5es e participar em atividades e f\u00f3runs focados no desenvolvimento e estabilidade da Internet na regi\u00e3o.<\/p>\n<p>Por mais detalhes acesse: <a href=\"http:\/\/lacnic.net\/pt\/eventos\/lacnicxv\/index.html\">http:\/\/lacnic.net\/pt\/eventos\/lacnicxv\/<\/a><\/p>\n","protected":false},"excerpt":{"rendered":"<p>A comunidade da Am\u00e9rica Latina e o Caribe est\u00e1 se preparando para seu encontro anual, LACNIC XV, que ser\u00e1 realizado em Canc\u00fan, M\u00e9xico, entre os dias 15 e 20 de maio.<br \/>\nMais de 400 profissionais representantes das mais importantes empresas da Internet da Am\u00e9rica Latina e o Caribe, se encontrar\u00e3o para analisar os cen\u00e1rios e as possibilidades depois do esgotamento do estoque central do IPv4.<br \/>\nParticipe de LACNIC XV e fa\u00e7a parte da experi\u00eancia de construir a Internet regional.<\/p>\n","protected":false},"author":2,"featured_media":0,"comment_status":"open","ping_status":"open","sticky":false,"template":"","format":"standard","meta":{"_acf_changed":false,"_jetpack_memberships_contains_paid_content":false,"footnotes":"","jetpack_publicize_message":"","jetpack_publicize_feature_enabled":true,"jetpack_social_post_already_shared":false,"jetpack_social_options":{"image_generator_settings":{"template":"highway","default_image_id":0,"font":"","enabled":false},"version":2}},"categories":[651],"tags":[],"archivo":[558,1346],"taxonomy-authors":[],"tipo_autor":[],"class_list":["post-160","post","type-post","status-publish","format-standard","hentry","category-sin-categoria-pt-br","archivo-edicao-fevereiro-2011","archivo-edicoes-anteriores"],"acf":{"author":"","related_notes":null},"yoast_head":"<!-- This site is optimized with the Yoast SEO plugin v27.0 - https:\/\/yoast.com\/product\/yoast-seo-wordpress\/ -->\n<title>LACNIC Blog | Uma oportunidade Imperd\u00edvel: LACNIC XV<\/title>\n<meta name=\"robots\" content=\"index, follow, max-snippet:-1, max-image-preview:large, max-video-preview:-1\" \/>\n<link rel=\"canonical\" href=\"https:\/\/blog.lacnic.net\/pt-br\/uma-oportunidade-imperdivel-lacnic-xv\/\" \/>\n<meta property=\"og:locale\" content=\"pt_BR\" \/>\n<meta property=\"og:type\" content=\"article\" \/>\n<meta property=\"og:title\" content=\"LACNIC Blog | Uma oportunidade Imperd\u00edvel: LACNIC XV\" \/>\n<meta property=\"og:description\" content=\"A comunidade da Am\u00e9rica Latina e o Caribe est\u00e1 se preparando para seu encontro anual, LACNIC XV, que ser\u00e1 realizado em Canc\u00fan, M\u00e9xico, entre os dias 15 e 20 de maio. Mais de 400 profissionais representantes das mais importantes empresas da Internet da Am\u00e9rica Latina e o Caribe, se encontrar\u00e3o para analisar os cen\u00e1rios e as possibilidades depois do esgotamento do estoque central do IPv4. Participe de LACNIC XV e fa\u00e7a parte da experi\u00eancia de construir a Internet regional.\" \/>\n<meta property=\"og:url\" content=\"https:\/\/blog.lacnic.net\/pt-br\/uma-oportunidade-imperdivel-lacnic-xv\/\" \/>\n<meta property=\"og:site_name\" content=\"LACNIC Blog\" \/>\n<meta property=\"article:publisher\" content=\"https:\/\/facebook.com\/lacnic\" \/>\n<meta property=\"article:published_time\" content=\"2011-02-05T13:44:15+00:00\" \/>\n<meta property=\"article:modified_time\" content=\"2019-12-06T18:43:15+00:00\" \/>\n<meta property=\"og:image\" content=\"http:\/\/prensa.lacnic.net\/news\/wp-content\/uploads\/2011\/02\/logo-lacnicxv-500-300x229.png\" \/>\n<meta name=\"author\" content=\"Mart\u00edn\" \/>\n<meta name=\"twitter:card\" content=\"summary_large_image\" \/>\n<meta name=\"twitter:creator\" content=\"@lacnic\" \/>\n<meta name=\"twitter:site\" content=\"@lacnic\" \/>\n<script type=\"application\/ld+json\" class=\"yoast-schema-graph\">{\"@context\":\"https:\/\/schema.org\",\"@graph\":[{\"@type\":\"Article\",\"@id\":\"https:\/\/blog.lacnic.net\/pt-br\/uma-oportunidade-imperdivel-lacnic-xv\/#article\",\"isPartOf\":{\"@id\":\"https:\/\/blog.lacnic.net\/pt-br\/uma-oportunidade-imperdivel-lacnic-xv\/\"},\"author\":{\"name\":\"Mart\u00edn\",\"@id\":\"https:\/\/blog.lacnic.net\/#\/schema\/person\/3f3117e292d71f4166f765368b0760dc\"},\"headline\":\"Uma oportunidade Imperd\u00edvel: LACNIC XV\",\"datePublished\":\"2011-02-05T13:44:15+00:00\",\"dateModified\":\"2019-12-06T18:43:15+00:00\",\"mainEntityOfPage\":{\"@id\":\"https:\/\/blog.lacnic.net\/pt-br\/uma-oportunidade-imperdivel-lacnic-xv\/\"},\"wordCount\":162,\"commentCount\":0,\"publisher\":{\"@id\":\"https:\/\/blog.lacnic.net\/#organization\"},\"image\":{\"@id\":\"https:\/\/blog.lacnic.net\/pt-br\/uma-oportunidade-imperdivel-lacnic-xv\/#primaryimage\"},\"thumbnailUrl\":\"http:\/\/prensa.lacnic.net\/news\/wp-content\/uploads\/2011\/02\/logo-lacnicxv-500-300x229.png\",\"articleSection\":[\"sin categoria\"],\"inLanguage\":\"pt-BR\",\"potentialAction\":[{\"@type\":\"CommentAction\",\"name\":\"Comment\",\"target\":[\"https:\/\/blog.lacnic.net\/pt-br\/uma-oportunidade-imperdivel-lacnic-xv\/#respond\"]}]},{\"@type\":\"WebPage\",\"@id\":\"https:\/\/blog.lacnic.net\/pt-br\/uma-oportunidade-imperdivel-lacnic-xv\/\",\"url\":\"https:\/\/blog.lacnic.net\/pt-br\/uma-oportunidade-imperdivel-lacnic-xv\/\",\"name\":\"LACNIC Blog | Uma oportunidade Imperd\u00edvel: LACNIC XV\",\"isPartOf\":{\"@id\":\"https:\/\/blog.lacnic.net\/#website\"},\"primaryImageOfPage\":{\"@id\":\"https:\/\/blog.lacnic.net\/pt-br\/uma-oportunidade-imperdivel-lacnic-xv\/#primaryimage\"},\"image\":{\"@id\":\"https:\/\/blog.lacnic.net\/pt-br\/uma-oportunidade-imperdivel-lacnic-xv\/#primaryimage\"},\"thumbnailUrl\":\"http:\/\/prensa.lacnic.net\/news\/wp-content\/uploads\/2011\/02\/logo-lacnicxv-500-300x229.png\",\"datePublished\":\"2011-02-05T13:44:15+00:00\",\"dateModified\":\"2019-12-06T18:43:15+00:00\",\"breadcrumb\":{\"@id\":\"https:\/\/blog.lacnic.net\/pt-br\/uma-oportunidade-imperdivel-lacnic-xv\/#breadcrumb\"},\"inLanguage\":\"pt-BR\",\"potentialAction\":[{\"@type\":\"ReadAction\",\"target\":[\"https:\/\/blog.lacnic.net\/pt-br\/uma-oportunidade-imperdivel-lacnic-xv\/\"]}]},{\"@type\":\"ImageObject\",\"inLanguage\":\"pt-BR\",\"@id\":\"https:\/\/blog.lacnic.net\/pt-br\/uma-oportunidade-imperdivel-lacnic-xv\/#primaryimage\",\"url\":\"http:\/\/prensa.lacnic.net\/news\/wp-content\/uploads\/2011\/02\/logo-lacnicxv-500-300x229.png\",\"contentUrl\":\"http:\/\/prensa.lacnic.net\/news\/wp-content\/uploads\/2011\/02\/logo-lacnicxv-500-300x229.png\"},{\"@type\":\"BreadcrumbList\",\"@id\":\"https:\/\/blog.lacnic.net\/pt-br\/uma-oportunidade-imperdivel-lacnic-xv\/#breadcrumb\",\"itemListElement\":[{\"@type\":\"ListItem\",\"position\":1,\"name\":\"Portada\",\"item\":\"https:\/\/blog.lacnic.net\/pt-br\/\"},{\"@type\":\"ListItem\",\"position\":2,\"name\":\"Uma oportunidade Imperd\u00edvel: LACNIC XV\"}]},{\"@type\":\"WebSite\",\"@id\":\"https:\/\/blog.lacnic.net\/#website\",\"url\":\"https:\/\/blog.lacnic.net\/\",\"name\":\"LACNIC Blog\",\"description\":\"LACNIC Internet Community Newsletter\",\"publisher\":{\"@id\":\"https:\/\/blog.lacnic.net\/#organization\"},\"potentialAction\":[{\"@type\":\"SearchAction\",\"target\":{\"@type\":\"EntryPoint\",\"urlTemplate\":\"https:\/\/blog.lacnic.net\/?s={search_term_string}\"},\"query-input\":{\"@type\":\"PropertyValueSpecification\",\"valueRequired\":true,\"valueName\":\"search_term_string\"}}],\"inLanguage\":\"pt-BR\"},{\"@type\":\"Organization\",\"@id\":\"https:\/\/blog.lacnic.net\/#organization\",\"name\":\"LACNIC Blog\",\"url\":\"https:\/\/blog.lacnic.net\/\",\"logo\":{\"@type\":\"ImageObject\",\"inLanguage\":\"pt-BR\",\"@id\":\"https:\/\/blog.lacnic.net\/#\/schema\/logo\/image\/\",\"url\":\"https:\/\/blog.lacnic.net\/wp-content\/uploads\/2023\/03\/lacnic-blog.svg\",\"contentUrl\":\"https:\/\/blog.lacnic.net\/wp-content\/uploads\/2023\/03\/lacnic-blog.svg\",\"caption\":\"LACNIC Blog\"},\"image\":{\"@id\":\"https:\/\/blog.lacnic.net\/#\/schema\/logo\/image\/\"},\"sameAs\":[\"https:\/\/facebook.com\/lacnic\",\"https:\/\/x.com\/lacnic\",\"https:\/\/www.instagram.com\/lacnic\/?hl=es-la\",\"https:\/\/uy.linkedin.com\/company\/lacnic\",\"https:\/\/www.youtube.com\/user\/lacnicstaff\",\"https:\/\/www.lacnic.net\/podcast\"]},{\"@type\":\"Person\",\"@id\":\"https:\/\/blog.lacnic.net\/#\/schema\/person\/3f3117e292d71f4166f765368b0760dc\",\"name\":\"Mart\u00edn\",\"description\":\"Especialista en imagen institucional\",\"url\":\"https:\/\/blog.lacnic.net\/pt-br\/author\/sysmartin\/\"}]}<\/script>\n<!-- \/ Yoast SEO plugin. -->","yoast_head_json":{"title":"LACNIC Blog | Uma oportunidade Imperd\u00edvel: LACNIC XV","robots":{"index":"index","follow":"follow","max-snippet":"max-snippet:-1","max-image-preview":"max-image-preview:large","max-video-preview":"max-video-preview:-1"},"canonical":"https:\/\/blog.lacnic.net\/pt-br\/uma-oportunidade-imperdivel-lacnic-xv\/","og_locale":"pt_BR","og_type":"article","og_title":"LACNIC Blog | Uma oportunidade Imperd\u00edvel: LACNIC XV","og_description":"A comunidade da Am\u00e9rica Latina e o Caribe est\u00e1 se preparando para seu encontro anual, LACNIC XV, que ser\u00e1 realizado em Canc\u00fan, M\u00e9xico, entre os dias 15 e 20 de maio. Mais de 400 profissionais representantes das mais importantes empresas da Internet da Am\u00e9rica Latina e o Caribe, se encontrar\u00e3o para analisar os cen\u00e1rios e as possibilidades depois do esgotamento do estoque central do IPv4. Participe de LACNIC XV e fa\u00e7a parte da experi\u00eancia de construir a Internet regional.","og_url":"https:\/\/blog.lacnic.net\/pt-br\/uma-oportunidade-imperdivel-lacnic-xv\/","og_site_name":"LACNIC Blog","article_publisher":"https:\/\/facebook.com\/lacnic","article_published_time":"2011-02-05T13:44:15+00:00","article_modified_time":"2019-12-06T18:43:15+00:00","og_image":[{"url":"http:\/\/prensa.lacnic.net\/news\/wp-content\/uploads\/2011\/02\/logo-lacnicxv-500-300x229.png","type":"","width":"","height":""}],"author":"Mart\u00edn","twitter_card":"summary_large_image","twitter_creator":"@lacnic","twitter_site":"@lacnic","schema":{"@context":"https:\/\/schema.org","@graph":[{"@type":"Article","@id":"https:\/\/blog.lacnic.net\/pt-br\/uma-oportunidade-imperdivel-lacnic-xv\/#article","isPartOf":{"@id":"https:\/\/blog.lacnic.net\/pt-br\/uma-oportunidade-imperdivel-lacnic-xv\/"},"author":{"name":"Mart\u00edn","@id":"https:\/\/blog.lacnic.net\/#\/schema\/person\/3f3117e292d71f4166f765368b0760dc"},"headline":"Uma oportunidade Imperd\u00edvel: LACNIC XV","datePublished":"2011-02-05T13:44:15+00:00","dateModified":"2019-12-06T18:43:15+00:00","mainEntityOfPage":{"@id":"https:\/\/blog.lacnic.net\/pt-br\/uma-oportunidade-imperdivel-lacnic-xv\/"},"wordCount":162,"commentCount":0,"publisher":{"@id":"https:\/\/blog.lacnic.net\/#organization"},"image":{"@id":"https:\/\/blog.lacnic.net\/pt-br\/uma-oportunidade-imperdivel-lacnic-xv\/#primaryimage"},"thumbnailUrl":"http:\/\/prensa.lacnic.net\/news\/wp-content\/uploads\/2011\/02\/logo-lacnicxv-500-300x229.png","articleSection":["sin categoria"],"inLanguage":"pt-BR","potentialAction":[{"@type":"CommentAction","name":"Comment","target":["https:\/\/blog.lacnic.net\/pt-br\/uma-oportunidade-imperdivel-lacnic-xv\/#respond"]}]},{"@type":"WebPage","@id":"https:\/\/blog.lacnic.net\/pt-br\/uma-oportunidade-imperdivel-lacnic-xv\/","url":"https:\/\/blog.lacnic.net\/pt-br\/uma-oportunidade-imperdivel-lacnic-xv\/","name":"LACNIC Blog | Uma oportunidade Imperd\u00edvel: LACNIC XV","isPartOf":{"@id":"https:\/\/blog.lacnic.net\/#website"},"primaryImageOfPage":{"@id":"https:\/\/blog.lacnic.net\/pt-br\/uma-oportunidade-imperdivel-lacnic-xv\/#primaryimage"},"image":{"@id":"https:\/\/blog.lacnic.net\/pt-br\/uma-oportunidade-imperdivel-lacnic-xv\/#primaryimage"},"thumbnailUrl":"http:\/\/prensa.lacnic.net\/news\/wp-content\/uploads\/2011\/02\/logo-lacnicxv-500-300x229.png","datePublished":"2011-02-05T13:44:15+00:00","dateModified":"2019-12-06T18:43:15+00:00","breadcrumb":{"@id":"https:\/\/blog.lacnic.net\/pt-br\/uma-oportunidade-imperdivel-lacnic-xv\/#breadcrumb"},"inLanguage":"pt-BR","potentialAction":[{"@type":"ReadAction","target":["https:\/\/blog.lacnic.net\/pt-br\/uma-oportunidade-imperdivel-lacnic-xv\/"]}]},{"@type":"ImageObject","inLanguage":"pt-BR","@id":"https:\/\/blog.lacnic.net\/pt-br\/uma-oportunidade-imperdivel-lacnic-xv\/#primaryimage","url":"http:\/\/prensa.lacnic.net\/news\/wp-content\/uploads\/2011\/02\/logo-lacnicxv-500-300x229.png","contentUrl":"http:\/\/prensa.lacnic.net\/news\/wp-content\/uploads\/2011\/02\/logo-lacnicxv-500-300x229.png"},{"@type":"BreadcrumbList","@id":"https:\/\/blog.lacnic.net\/pt-br\/uma-oportunidade-imperdivel-lacnic-xv\/#breadcrumb","itemListElement":[{"@type":"ListItem","position":1,"name":"Portada","item":"https:\/\/blog.lacnic.net\/pt-br\/"},{"@type":"ListItem","position":2,"name":"Uma oportunidade Imperd\u00edvel: LACNIC XV"}]},{"@type":"WebSite","@id":"https:\/\/blog.lacnic.net\/#website","url":"https:\/\/blog.lacnic.net\/","name":"LACNIC Blog","description":"LACNIC Internet Community Newsletter","publisher":{"@id":"https:\/\/blog.lacnic.net\/#organization"},"potentialAction":[{"@type":"SearchAction","target":{"@type":"EntryPoint","urlTemplate":"https:\/\/blog.lacnic.net\/?s={search_term_string}"},"query-input":{"@type":"PropertyValueSpecification","valueRequired":true,"valueName":"search_term_string"}}],"inLanguage":"pt-BR"},{"@type":"Organization","@id":"https:\/\/blog.lacnic.net\/#organization","name":"LACNIC Blog","url":"https:\/\/blog.lacnic.net\/","logo":{"@type":"ImageObject","inLanguage":"pt-BR","@id":"https:\/\/blog.lacnic.net\/#\/schema\/logo\/image\/","url":"https:\/\/blog.lacnic.net\/wp-content\/uploads\/2023\/03\/lacnic-blog.svg","contentUrl":"https:\/\/blog.lacnic.net\/wp-content\/uploads\/2023\/03\/lacnic-blog.svg","caption":"LACNIC Blog"},"image":{"@id":"https:\/\/blog.lacnic.net\/#\/schema\/logo\/image\/"},"sameAs":["https:\/\/facebook.com\/lacnic","https:\/\/x.com\/lacnic","https:\/\/www.instagram.com\/lacnic\/?hl=es-la","https:\/\/uy.linkedin.com\/company\/lacnic","https:\/\/www.youtube.com\/user\/lacnicstaff","https:\/\/www.lacnic.net\/podcast"]},{"@type":"Person","@id":"https:\/\/blog.lacnic.net\/#\/schema\/person\/3f3117e292d71f4166f765368b0760dc","name":"Mart\u00edn","description":"Especialista en imagen institucional","url":"https:\/\/blog.lacnic.net\/pt-br\/author\/sysmartin\/"}]}},"jetpack_publicize_connections":[],"jetpack_featured_media_url":"","jetpack_sharing_enabled":true,"wpml_current_locale":"pt_BR","wpml_translations":[{"locale":"es_ES","id":71,"post_title":"Una oportunidad Imperdible: LACNIC XV","slug":"lacnic-xv","href":"https:\/\/blog.lacnic.net\/lacnic-xv\/"},{"locale":"en_US","id":159,"post_title":"An opportunity not to be missed: LACNIC XV","slug":"an-opportunity-not-to-be-missed-lacnic-xv","href":"https:\/\/blog.lacnic.net\/en\/an-opportunity-not-to-be-missed-lacnic-xv\/"}],"_links":{"self":[{"href":"https:\/\/blog.lacnic.net\/pt-br\/wp-json\/wp\/v2\/posts\/160","targetHints":{"allow":["GET"]}}],"collection":[{"href":"https:\/\/blog.lacnic.net\/pt-br\/wp-json\/wp\/v2\/posts"}],"about":[{"href":"https:\/\/blog.lacnic.net\/pt-br\/wp-json\/wp\/v2\/types\/post"}],"author":[{"embeddable":true,"href":"https:\/\/blog.lacnic.net\/pt-br\/wp-json\/wp\/v2\/users\/2"}],"replies":[{"embeddable":true,"href":"https:\/\/blog.lacnic.net\/pt-br\/wp-json\/wp\/v2\/comments?post=160"}],"version-history":[{"count":12,"href":"https:\/\/blog.lacnic.net\/pt-br\/wp-json\/wp\/v2\/posts\/160\/revisions"}],"predecessor-version":[{"id":12552,"href":"https:\/\/blog.lacnic.net\/pt-br\/wp-json\/wp\/v2\/posts\/160\/revisions\/12552"}],"wp:attachment":[{"href":"https:\/\/blog.lacnic.net\/pt-br\/wp-json\/wp\/v2\/media?parent=160"}],"wp:term":[{"taxonomy":"category","embeddable":true,"href":"https:\/\/blog.lacnic.net\/pt-br\/wp-json\/wp\/v2\/categories?post=160"},{"taxonomy":"post_tag","embeddable":true,"href":"https:\/\/blog.lacnic.net\/pt-br\/wp-json\/wp\/v2\/tags?post=160"},{"taxonomy":"archivo","embeddable":true,"href":"https:\/\/blog.lacnic.net\/pt-br\/wp-json\/wp\/v2\/archivo?post=160"},{"taxonomy":"taxonomy-authors","embeddable":true,"href":"https:\/\/blog.lacnic.net\/pt-br\/wp-json\/wp\/v2\/taxonomy-authors?post=160"},{"taxonomy":"tipo_autor","embeddable":true,"href":"https:\/\/blog.lacnic.net\/pt-br\/wp-json\/wp\/v2\/tipo_autor?post=160"}],"curies":[{"name":"wp","href":"https:\/\/api.w.org\/{rel}","templated":true}]}}