{"id":30367,"date":"2025-07-29T18:25:16","date_gmt":"2025-07-29T18:25:16","guid":{"rendered":"https:\/\/blog.lacnic.net\/?p=30367"},"modified":"2025-07-29T18:31:07","modified_gmt":"2025-07-29T18:31:07","slug":"ipv6-digital-memorial","status":"publish","type":"post","link":"https:\/\/blog.lacnic.net\/en\/ipv6-digital-memorial\/","title":{"rendered":"When IP Addresses Tell Stories: A Digital Tribute in IPv6"},"content":{"rendered":"\n<p>By <a href=\"https:\/\/blog.lacnic.net\/en\/author\/alejandro-acosta\/\">Alejandro Acosta<\/a>, R+D Coordinator at LACNIC<\/p>\n\n\n\n<h2 class=\"wp-block-heading\"><a><\/a>Introduction<\/h2>\n\n\n\n<p>This blog post is based on IETF draft <a href=\"https:\/\/datatracker.ietf.org\/doc\/draft-richardson-in-memoriam\/\">https:\/\/datatracker.ietf.org\/doc\/draft-richardson-in-memoriam\/<\/a> and the related email discussion, which can be followed <a href=\"https:\/\/mailarchive.ietf.org\/arch\/msg\/ietf\/7qIH-L_hSj-ZcXU7UdHlfd886Po\/\">here<\/a>.<\/p>\n\n\n\n<h2 class=\"wp-block-heading\"><a><\/a>Context<\/h2>\n\n\n\n<p>The Internet Engineering Task Force (IETF) is a community that has been shaping the very essence of the Internet for decades. As the IETF approaches its 40<sup>th<\/sup> anniversary in 2026 and with a history of more than 55 years of the RFC series, it is inevitable that many of its key contributors have retired or passed away. Although prominent figures such as Jon Postel and Jun-ichiro Hagino have been honored through awards, current mechanisms are not scalable given the growing number of people who have made valuable contributions.<\/p>\n\n\n\n<p>This has led to \u201cdraft-richardson-in-memoriam-00\u201d, authored by Michael Richardson \u2014 an Internet Draft that proposes a novel way to posthumously recognize key contributors to the IETF by dedicating specific IPv6 addresses as memorials.<\/p>\n\n\n\n<h2 class=\"wp-block-heading\"><a><\/a>The Proposal: A \/64 Prefix for Remembrance*<\/h2>\n\n\n\n<p>The main idea behind this draft is to assign a unique \/64 IPv6 prefix from the IANA Special Use pool specifically for memorials. This new prefix would be called the &#8220;IETF In-Memoriam prefix&#8221; and would involve the creation of a new sub-registry maintained using the IESG Approval process.<\/p>\n\n\n\n<h2 class=\"wp-block-heading\"><a><\/a>How Would Digital Memorials Work?<\/h2>\n\n\n\n<ul class=\"wp-block-list\">\n<li>A permanent PTR and TXT record would be established in the<a href=\"https:\/\/ip6.arpa\/\"> ip6.arpa<\/a> zone for each honored individual.<\/li>\n\n\n\n<li>A TXT record would list the person&#8217;s name and their years (for example, &#8220;Frederick J. Baker (February 28, 1952 \u2013 June 18, 2025)&#8221;).<\/li>\n\n\n\n<li>A second TXT record would provide a URL to an obituary or a relevant IETF Datatracker page (for instance, <a href=\"https:\/\/es.wikipedia.org\/wiki\/Fred_Baker_(ingeniero)\">https:\/\/es.wikipedia.org\/wiki\/Fred_Baker_(ingeniero)<\/a> or <a href=\"https:\/\/datatracker.ietf.org\/person\/Fred%20Baker\">https:\/\/datatracker.ietf.org\/person\/Fred%20Baker<\/a>).<\/li>\n<\/ul>\n\n\n\n<p>The proposal even suggests a creative way to assign the IPv6 address itself, using the 64-lower bits to represent the numbers of the RFCs authored by the person. For example, the given address of Fred Baker, a prolific author of over 60 RFCs, might be 2001:TBD:1220:2804:4595:8028, in reference to some of his most notable RFCs.<\/p>\n\n\n<section class=\"acf-view acf-view--id--21788 acf-view--object-id--30367\"><div class=\"acf-view__texto_fijo acf-view__row\"><div class=\"acf-view__texto_fijo-field acf-view__field\"><div class=\"acf-view__texto_fijo-choice acf-view__choice\">Leer tambi\u00e9n:<\/div><\/div><\/div><div class=\"acf-view__enlace acf-view__row\"><div class=\"acf-view__enlace-field acf-view__field\"><a target=\"_self\" class=\"acf-view__enlace-link acf-view__link\" href=\"https:\/\/blog.lacnic.net\/en\/7-challenges-ipv6-faced-and-how-they-were-overcome\/\">7 Challenges IPv6 Faced and How They Were Overcome<\/a><\/div><\/div><\/section>\n\n\n<h2 class=\"wp-block-heading\"><a><\/a>Key Considerations and Community Feedback<\/h2>\n\n\n\n<p>As with any new proposal at the IETF, the draft has generated discussion and raised important considerations among the community:<\/p>\n\n\n\n<p><strong>Privacy and sensitivity:<\/strong> The draft stresses that the families of the deceased should be consulted and approve the record before it is made public, recognizing that this information might be considered intrusive or private.<\/p>\n\n\n\n<p><strong>Security against fraud:<\/strong> To prevent false memorials, the Internet Engineering Steering Group (IESG) is advised to seek multiple sources of corroboration and react slowly to new proposals, allowing time for fact-checking.<\/p>\n\n\n\n<p><strong>Fit within protocols or practices:<\/strong> S. Moonesamy raised the question of whether requests in Section 5 of the draft fit within the RFC 6890 guidelines for reserving \u201cspecial-purpose\u201d address blocks to support new protocols or practices. Michael Richardson believes this would be considered a \u201cpractice.\u201d<\/p>\n\n\n\n<p><strong>Exclusivity and scalability concerns:<\/strong> Ross Finlayson expressed concern that reserving IPv6 addresses for this purpose might seem exclusive or \u201ccliquish\u201d and potentially contrary to the spirit of IPv6. He questioned who would decide whether a contributor is \u201csignificant\u201d enough and suggested considering this for all deceased (or even living) IETF members, noting the abundance of IPv6 space. Richardson addressed these points directly, humorously acknowledging it as \u201c<em>our<\/em> clique\u201d and reiterating that IPv6 space is not scarce and noting that this might help people remember that. He also observed that the IESG would decide on significance and welcomed requests to expand the scope.<\/p>\n\n\n\n<p><strong>Use of the address:<\/strong> Finlayson also wondered about the intended behavior if such a memorial address were to be used in the destination field of an IPv6 packet. Richardson clarified that the Special Purpose space (2001::\/23), from which this prefix would be derived, is typically not intended to appear in the destination field of packets in the Default Free Zone (DFZ).<\/p>\n\n\n\n<p>This proposal offers a unique and technically grounded way to honor the individuals who have shaped the Internet. It highlights the vastness of the IPv6 address space and leverages the DNS infrastructure to create a lasting digital legacy for key IETF contributors. The discussions surrounding the proposal also reflect the rigorous and detail-oriented nature of the IETF&#8217;s collaborative process.<\/p>\n\n\n\n<p>Not least, there must be assurance that the individual being honored has indeed passed away.<\/p>\n\n\n\n<p>Part of me wonders whether actions like this by the IETF might indirectly encourage greater engagement and collaboration within the IETF from people motivated by the idea of leaving a digital legacy.<\/p>\n\n\n\n<h2 class=\"wp-block-heading\"><a><\/a>Conclusions<\/h2>\n\n\n\n<p>This proposal represents an innovative and respectful way to honor key contributors to the Internet, using existing technical resources (IPv6 and DNS) to create a lasting digital legacy, while maintaining a process that is rigorous and open to the community.<\/p>\n","protected":false},"excerpt":{"rendered":"<p>By Alejandro Acosta, R+D Coordinator at LACNIC Introduction This blog post is based on IETF draft https:\/\/datatracker.ietf.org\/doc\/draft-richardson-in-memoriam\/ and the related email discussion, which can be followed here. Context The Internet Engineering Task Force (IETF) is a community that has been shaping the very essence of the Internet for decades. As the IETF approaches its 40th [&hellip;]<\/p>\n","protected":false},"author":6,"featured_media":30370,"comment_status":"open","ping_status":"open","sticky":false,"template":"","format":"standard","meta":{"_acf_changed":false,"_jetpack_memberships_contains_paid_content":false,"footnotes":"","jetpack_publicize_message":"","jetpack_publicize_feature_enabled":true,"jetpack_social_post_already_shared":true,"jetpack_social_options":{"image_generator_settings":{"template":"highway","enabled":false},"version":2}},"categories":[531],"tags":[1304],"archivo":[1345,1451],"taxonomy-authors":[1248],"tipo_autor":[],"class_list":["post-30367","post","type-post","status-publish","format-standard","has-post-thumbnail","hentry","category-ipv6","tag-ipv6","archivo-editions","archivo-highlights-2023","taxonomy-authors-alejandro-acosta-en"],"acf":{"author":"","related_notes":""},"yoast_head":"<!-- This site is optimized with the Yoast SEO plugin v27.0 - https:\/\/yoast.com\/product\/yoast-seo-wordpress\/ -->\n<title>LACNIC Blog | When IP Addresses Tell Stories: A Digital Tribute in IPv6<\/title>\n<meta name=\"robots\" content=\"index, follow, max-snippet:-1, max-image-preview:large, max-video-preview:-1\" \/>\n<link rel=\"canonical\" href=\"https:\/\/blog.lacnic.net\/en\/ipv6-digital-memorial\/\" \/>\n<meta property=\"og:locale\" content=\"en_US\" \/>\n<meta property=\"og:type\" content=\"article\" \/>\n<meta property=\"og:title\" content=\"LACNIC Blog | When IP Addresses Tell Stories: A Digital Tribute in IPv6\" \/>\n<meta property=\"og:description\" content=\"By Alejandro Acosta, R+D Coordinator at LACNIC Introduction This blog post is based on IETF draft https:\/\/datatracker.ietf.org\/doc\/draft-richardson-in-memoriam\/ and the related email discussion, which can be followed here. Context The Internet Engineering Task Force (IETF) is a community that has been shaping the very essence of the Internet for decades. As the IETF approaches its 40th [&hellip;]\" \/>\n<meta property=\"og:url\" content=\"https:\/\/blog.lacnic.net\/en\/ipv6-digital-memorial\/\" \/>\n<meta property=\"og:site_name\" content=\"LACNIC Blog\" \/>\n<meta property=\"article:publisher\" content=\"https:\/\/facebook.com\/lacnic\" \/>\n<meta property=\"article:published_time\" content=\"2025-07-29T18:25:16+00:00\" \/>\n<meta property=\"article:modified_time\" content=\"2025-07-29T18:31:07+00:00\" \/>\n<meta property=\"og:image\" content=\"https:\/\/blog.lacnic.net\/wp-content\/uploads\/2025\/07\/64-ipv6-ietf-iana-2025.png\" \/>\n\t<meta property=\"og:image:width\" content=\"680\" \/>\n\t<meta property=\"og:image:height\" content=\"330\" \/>\n\t<meta property=\"og:image:type\" content=\"image\/png\" \/>\n<meta name=\"author\" content=\"Gianni\" \/>\n<meta name=\"twitter:card\" content=\"summary_large_image\" \/>\n<meta name=\"twitter:creator\" content=\"@lacnic\" \/>\n<meta name=\"twitter:site\" content=\"@lacnic\" \/>\n<script type=\"application\/ld+json\" class=\"yoast-schema-graph\">{\"@context\":\"https:\/\/schema.org\",\"@graph\":[{\"@type\":\"Article\",\"@id\":\"https:\/\/blog.lacnic.net\/en\/ipv6-digital-memorial\/#article\",\"isPartOf\":{\"@id\":\"https:\/\/blog.lacnic.net\/en\/ipv6-digital-memorial\/\"},\"author\":{\"name\":\"Gianni\",\"@id\":\"https:\/\/blog.lacnic.net\/#\/schema\/person\/1338d9cfdb0137e8bc5581f3771f39ab\"},\"headline\":\"When IP Addresses Tell Stories: A Digital Tribute in IPv6\",\"datePublished\":\"2025-07-29T18:25:16+00:00\",\"dateModified\":\"2025-07-29T18:31:07+00:00\",\"mainEntityOfPage\":{\"@id\":\"https:\/\/blog.lacnic.net\/en\/ipv6-digital-memorial\/\"},\"wordCount\":792,\"commentCount\":0,\"publisher\":{\"@id\":\"https:\/\/blog.lacnic.net\/#organization\"},\"image\":{\"@id\":\"https:\/\/blog.lacnic.net\/en\/ipv6-digital-memorial\/#primaryimage\"},\"thumbnailUrl\":\"https:\/\/blog.lacnic.net\/wp-content\/uploads\/2025\/07\/64-ipv6-ietf-iana-2025.png\",\"keywords\":[\"IPv6\"],\"articleSection\":[\"IPv6\"],\"inLanguage\":\"en-US\",\"potentialAction\":[{\"@type\":\"CommentAction\",\"name\":\"Comment\",\"target\":[\"https:\/\/blog.lacnic.net\/en\/ipv6-digital-memorial\/#respond\"]}]},{\"@type\":\"WebPage\",\"@id\":\"https:\/\/blog.lacnic.net\/en\/ipv6-digital-memorial\/\",\"url\":\"https:\/\/blog.lacnic.net\/en\/ipv6-digital-memorial\/\",\"name\":\"LACNIC Blog | When IP Addresses Tell Stories: A Digital Tribute in IPv6\",\"isPartOf\":{\"@id\":\"https:\/\/blog.lacnic.net\/#website\"},\"primaryImageOfPage\":{\"@id\":\"https:\/\/blog.lacnic.net\/en\/ipv6-digital-memorial\/#primaryimage\"},\"image\":{\"@id\":\"https:\/\/blog.lacnic.net\/en\/ipv6-digital-memorial\/#primaryimage\"},\"thumbnailUrl\":\"https:\/\/blog.lacnic.net\/wp-content\/uploads\/2025\/07\/64-ipv6-ietf-iana-2025.png\",\"datePublished\":\"2025-07-29T18:25:16+00:00\",\"dateModified\":\"2025-07-29T18:31:07+00:00\",\"breadcrumb\":{\"@id\":\"https:\/\/blog.lacnic.net\/en\/ipv6-digital-memorial\/#breadcrumb\"},\"inLanguage\":\"en-US\",\"potentialAction\":[{\"@type\":\"ReadAction\",\"target\":[\"https:\/\/blog.lacnic.net\/en\/ipv6-digital-memorial\/\"]}]},{\"@type\":\"ImageObject\",\"inLanguage\":\"en-US\",\"@id\":\"https:\/\/blog.lacnic.net\/en\/ipv6-digital-memorial\/#primaryimage\",\"url\":\"https:\/\/blog.lacnic.net\/wp-content\/uploads\/2025\/07\/64-ipv6-ietf-iana-2025.png\",\"contentUrl\":\"https:\/\/blog.lacnic.net\/wp-content\/uploads\/2025\/07\/64-ipv6-ietf-iana-2025.png\",\"width\":680,\"height\":330},{\"@type\":\"BreadcrumbList\",\"@id\":\"https:\/\/blog.lacnic.net\/en\/ipv6-digital-memorial\/#breadcrumb\",\"itemListElement\":[{\"@type\":\"ListItem\",\"position\":1,\"name\":\"Portada\",\"item\":\"https:\/\/blog.lacnic.net\/en\/\"},{\"@type\":\"ListItem\",\"position\":2,\"name\":\"When IP Addresses Tell Stories: A Digital Tribute in IPv6\"}]},{\"@type\":\"WebSite\",\"@id\":\"https:\/\/blog.lacnic.net\/#website\",\"url\":\"https:\/\/blog.lacnic.net\/\",\"name\":\"LACNIC Blog\",\"description\":\"En el Blog de LACNIC encontrar\u00e1s art\u00edculos t\u00e9cnicos vinculados al desarrollo de Internet en la regi\u00f3n de Am\u00e9rica Latina y el Caribe.\",\"publisher\":{\"@id\":\"https:\/\/blog.lacnic.net\/#organization\"},\"potentialAction\":[{\"@type\":\"SearchAction\",\"target\":{\"@type\":\"EntryPoint\",\"urlTemplate\":\"https:\/\/blog.lacnic.net\/?s={search_term_string}\"},\"query-input\":{\"@type\":\"PropertyValueSpecification\",\"valueRequired\":true,\"valueName\":\"search_term_string\"}}],\"inLanguage\":\"en-US\"},{\"@type\":\"Organization\",\"@id\":\"https:\/\/blog.lacnic.net\/#organization\",\"name\":\"LACNIC Blog\",\"url\":\"https:\/\/blog.lacnic.net\/\",\"logo\":{\"@type\":\"ImageObject\",\"inLanguage\":\"en-US\",\"@id\":\"https:\/\/blog.lacnic.net\/#\/schema\/logo\/image\/\",\"url\":\"https:\/\/blog.lacnic.net\/wp-content\/uploads\/2023\/03\/lacnic-blog.svg\",\"contentUrl\":\"https:\/\/blog.lacnic.net\/wp-content\/uploads\/2023\/03\/lacnic-blog.svg\",\"caption\":\"LACNIC Blog\"},\"image\":{\"@id\":\"https:\/\/blog.lacnic.net\/#\/schema\/logo\/image\/\"},\"sameAs\":[\"https:\/\/facebook.com\/lacnic\",\"https:\/\/x.com\/lacnic\",\"https:\/\/www.instagram.com\/lacnic\/?hl=es-la\",\"https:\/\/uy.linkedin.com\/company\/lacnic\",\"https:\/\/www.youtube.com\/user\/lacnicstaff\",\"https:\/\/www.lacnic.net\/podcast\"]},{\"@type\":\"Person\",\"@id\":\"https:\/\/blog.lacnic.net\/#\/schema\/person\/1338d9cfdb0137e8bc5581f3771f39ab\",\"name\":\"Gianni\",\"url\":\"https:\/\/blog.lacnic.net\/en\/author\/gianni\/\"}]}<\/script>\n<!-- \/ Yoast SEO plugin. -->","yoast_head_json":{"title":"LACNIC Blog | When IP Addresses Tell Stories: A Digital Tribute in IPv6","robots":{"index":"index","follow":"follow","max-snippet":"max-snippet:-1","max-image-preview":"max-image-preview:large","max-video-preview":"max-video-preview:-1"},"canonical":"https:\/\/blog.lacnic.net\/en\/ipv6-digital-memorial\/","og_locale":"en_US","og_type":"article","og_title":"LACNIC Blog | When IP Addresses Tell Stories: A Digital Tribute in IPv6","og_description":"By Alejandro Acosta, R+D Coordinator at LACNIC Introduction This blog post is based on IETF draft https:\/\/datatracker.ietf.org\/doc\/draft-richardson-in-memoriam\/ and the related email discussion, which can be followed here. Context The Internet Engineering Task Force (IETF) is a community that has been shaping the very essence of the Internet for decades. As the IETF approaches its 40th [&hellip;]","og_url":"https:\/\/blog.lacnic.net\/en\/ipv6-digital-memorial\/","og_site_name":"LACNIC Blog","article_publisher":"https:\/\/facebook.com\/lacnic","article_published_time":"2025-07-29T18:25:16+00:00","article_modified_time":"2025-07-29T18:31:07+00:00","og_image":[{"width":680,"height":330,"url":"https:\/\/blog.lacnic.net\/wp-content\/uploads\/2025\/07\/64-ipv6-ietf-iana-2025.png","type":"image\/png"}],"author":"Gianni","twitter_card":"summary_large_image","twitter_creator":"@lacnic","twitter_site":"@lacnic","schema":{"@context":"https:\/\/schema.org","@graph":[{"@type":"Article","@id":"https:\/\/blog.lacnic.net\/en\/ipv6-digital-memorial\/#article","isPartOf":{"@id":"https:\/\/blog.lacnic.net\/en\/ipv6-digital-memorial\/"},"author":{"name":"Gianni","@id":"https:\/\/blog.lacnic.net\/#\/schema\/person\/1338d9cfdb0137e8bc5581f3771f39ab"},"headline":"When IP Addresses Tell Stories: A Digital Tribute in IPv6","datePublished":"2025-07-29T18:25:16+00:00","dateModified":"2025-07-29T18:31:07+00:00","mainEntityOfPage":{"@id":"https:\/\/blog.lacnic.net\/en\/ipv6-digital-memorial\/"},"wordCount":792,"commentCount":0,"publisher":{"@id":"https:\/\/blog.lacnic.net\/#organization"},"image":{"@id":"https:\/\/blog.lacnic.net\/en\/ipv6-digital-memorial\/#primaryimage"},"thumbnailUrl":"https:\/\/blog.lacnic.net\/wp-content\/uploads\/2025\/07\/64-ipv6-ietf-iana-2025.png","keywords":["IPv6"],"articleSection":["IPv6"],"inLanguage":"en-US","potentialAction":[{"@type":"CommentAction","name":"Comment","target":["https:\/\/blog.lacnic.net\/en\/ipv6-digital-memorial\/#respond"]}]},{"@type":"WebPage","@id":"https:\/\/blog.lacnic.net\/en\/ipv6-digital-memorial\/","url":"https:\/\/blog.lacnic.net\/en\/ipv6-digital-memorial\/","name":"LACNIC Blog | When IP Addresses Tell Stories: A Digital Tribute in IPv6","isPartOf":{"@id":"https:\/\/blog.lacnic.net\/#website"},"primaryImageOfPage":{"@id":"https:\/\/blog.lacnic.net\/en\/ipv6-digital-memorial\/#primaryimage"},"image":{"@id":"https:\/\/blog.lacnic.net\/en\/ipv6-digital-memorial\/#primaryimage"},"thumbnailUrl":"https:\/\/blog.lacnic.net\/wp-content\/uploads\/2025\/07\/64-ipv6-ietf-iana-2025.png","datePublished":"2025-07-29T18:25:16+00:00","dateModified":"2025-07-29T18:31:07+00:00","breadcrumb":{"@id":"https:\/\/blog.lacnic.net\/en\/ipv6-digital-memorial\/#breadcrumb"},"inLanguage":"en-US","potentialAction":[{"@type":"ReadAction","target":["https:\/\/blog.lacnic.net\/en\/ipv6-digital-memorial\/"]}]},{"@type":"ImageObject","inLanguage":"en-US","@id":"https:\/\/blog.lacnic.net\/en\/ipv6-digital-memorial\/#primaryimage","url":"https:\/\/blog.lacnic.net\/wp-content\/uploads\/2025\/07\/64-ipv6-ietf-iana-2025.png","contentUrl":"https:\/\/blog.lacnic.net\/wp-content\/uploads\/2025\/07\/64-ipv6-ietf-iana-2025.png","width":680,"height":330},{"@type":"BreadcrumbList","@id":"https:\/\/blog.lacnic.net\/en\/ipv6-digital-memorial\/#breadcrumb","itemListElement":[{"@type":"ListItem","position":1,"name":"Portada","item":"https:\/\/blog.lacnic.net\/en\/"},{"@type":"ListItem","position":2,"name":"When IP Addresses Tell Stories: A Digital Tribute in IPv6"}]},{"@type":"WebSite","@id":"https:\/\/blog.lacnic.net\/#website","url":"https:\/\/blog.lacnic.net\/","name":"LACNIC Blog","description":"En el Blog de LACNIC encontrar\u00e1s art\u00edculos t\u00e9cnicos vinculados al desarrollo de Internet en la regi\u00f3n de Am\u00e9rica Latina y el Caribe.","publisher":{"@id":"https:\/\/blog.lacnic.net\/#organization"},"potentialAction":[{"@type":"SearchAction","target":{"@type":"EntryPoint","urlTemplate":"https:\/\/blog.lacnic.net\/?s={search_term_string}"},"query-input":{"@type":"PropertyValueSpecification","valueRequired":true,"valueName":"search_term_string"}}],"inLanguage":"en-US"},{"@type":"Organization","@id":"https:\/\/blog.lacnic.net\/#organization","name":"LACNIC Blog","url":"https:\/\/blog.lacnic.net\/","logo":{"@type":"ImageObject","inLanguage":"en-US","@id":"https:\/\/blog.lacnic.net\/#\/schema\/logo\/image\/","url":"https:\/\/blog.lacnic.net\/wp-content\/uploads\/2023\/03\/lacnic-blog.svg","contentUrl":"https:\/\/blog.lacnic.net\/wp-content\/uploads\/2023\/03\/lacnic-blog.svg","caption":"LACNIC Blog"},"image":{"@id":"https:\/\/blog.lacnic.net\/#\/schema\/logo\/image\/"},"sameAs":["https:\/\/facebook.com\/lacnic","https:\/\/x.com\/lacnic","https:\/\/www.instagram.com\/lacnic\/?hl=es-la","https:\/\/uy.linkedin.com\/company\/lacnic","https:\/\/www.youtube.com\/user\/lacnicstaff","https:\/\/www.lacnic.net\/podcast"]},{"@type":"Person","@id":"https:\/\/blog.lacnic.net\/#\/schema\/person\/1338d9cfdb0137e8bc5581f3771f39ab","name":"Gianni","url":"https:\/\/blog.lacnic.net\/en\/author\/gianni\/"}]}},"jetpack_publicize_connections":[],"jetpack_featured_media_url":"https:\/\/blog.lacnic.net\/wp-content\/uploads\/2025\/07\/64-ipv6-ietf-iana-2025.png","jetpack_sharing_enabled":true,"wpml_current_locale":"en_US","wpml_translations":[{"locale":"es_ES","id":30365,"post_title":"Cuando las direcciones IP cuentan historias: homenaje digital en IPv6","slug":"homenaje-digital-en-ipv6","href":"https:\/\/blog.lacnic.net\/homenaje-digital-en-ipv6\/"},{"locale":"pt_BR","id":30374,"post_title":"Quando os endere\u00e7os IP contam hist\u00f3rias: homenagem digital em IPv6","slug":"homenagem-digital-ipv6","href":"https:\/\/blog.lacnic.net\/pt-br\/homenagem-digital-ipv6\/"}],"_links":{"self":[{"href":"https:\/\/blog.lacnic.net\/en\/wp-json\/wp\/v2\/posts\/30367","targetHints":{"allow":["GET"]}}],"collection":[{"href":"https:\/\/blog.lacnic.net\/en\/wp-json\/wp\/v2\/posts"}],"about":[{"href":"https:\/\/blog.lacnic.net\/en\/wp-json\/wp\/v2\/types\/post"}],"author":[{"embeddable":true,"href":"https:\/\/blog.lacnic.net\/en\/wp-json\/wp\/v2\/users\/6"}],"replies":[{"embeddable":true,"href":"https:\/\/blog.lacnic.net\/en\/wp-json\/wp\/v2\/comments?post=30367"}],"version-history":[{"count":3,"href":"https:\/\/blog.lacnic.net\/en\/wp-json\/wp\/v2\/posts\/30367\/revisions"}],"predecessor-version":[{"id":30383,"href":"https:\/\/blog.lacnic.net\/en\/wp-json\/wp\/v2\/posts\/30367\/revisions\/30383"}],"wp:featuredmedia":[{"embeddable":true,"href":"https:\/\/blog.lacnic.net\/en\/wp-json\/wp\/v2\/media\/30370"}],"wp:attachment":[{"href":"https:\/\/blog.lacnic.net\/en\/wp-json\/wp\/v2\/media?parent=30367"}],"wp:term":[{"taxonomy":"category","embeddable":true,"href":"https:\/\/blog.lacnic.net\/en\/wp-json\/wp\/v2\/categories?post=30367"},{"taxonomy":"post_tag","embeddable":true,"href":"https:\/\/blog.lacnic.net\/en\/wp-json\/wp\/v2\/tags?post=30367"},{"taxonomy":"archivo","embeddable":true,"href":"https:\/\/blog.lacnic.net\/en\/wp-json\/wp\/v2\/archivo?post=30367"},{"taxonomy":"taxonomy-authors","embeddable":true,"href":"https:\/\/blog.lacnic.net\/en\/wp-json\/wp\/v2\/taxonomy-authors?post=30367"},{"taxonomy":"tipo_autor","embeddable":true,"href":"https:\/\/blog.lacnic.net\/en\/wp-json\/wp\/v2\/tipo_autor?post=30367"}],"curies":[{"name":"wp","href":"https:\/\/api.w.org\/{rel}","templated":true}]}}